{"id":49321,"date":"2022-12-15T21:34:21","date_gmt":"2022-12-16T03:34:21","guid":{"rendered":"http:\/\/www.zonaroja.com.mx\/?p=49321"},"modified":"2022-12-15T21:34:23","modified_gmt":"2022-12-16T03:34:23","slug":"morenistas-del-cabildo-de-oaxaca-de-juarez-aprueba-instalacion-de-mas-de-300-ambulantes","status":"publish","type":"post","link":"https:\/\/zonaroja.com.mx\/?p=49321","title":{"rendered":"Morenistas del Cabildo de Oaxaca de Ju\u00e1rez aprueba instalaci\u00f3n de m\u00e1s de 300 ambulantes"},"content":{"rendered":"\n<p>Yuridiana Sosa\/Zona Roja.<\/p>\n\n\n\n<p>Oaxaca de Ju\u00e1rez, Oax., 15 de diciembre de 2022.- Pese a protestas de ciudadanos, vecinos y comerciantes del Centro Hist\u00f3rico de Oaxaca por los da\u00f1os al patrimonio y competencia desleal que genera el comercio ambulante, el Cabildo aprob\u00f3 este jueves la instalaci\u00f3n de m\u00e1s de 300 puestos para las festividades decembrinas.<\/p>\n\n\n\n<p>Desde hace varios meses, por medio de oficio y hoy de manera presencial en la sala de sesi\u00f3n de Cabildo del palacio municipal, los comerciantes establecidos se manifestaron para denunciar los da\u00f1os al patrimonio y a los peatones que generan los puestos ambulantes.<\/p>\n\n\n\n<p>Pero, con 11 votos a favor, entre ellos el del presidente Francisco Mart\u00ednez Neri, y tres en contra, el Cabildo aval\u00f3 que casi 300 puestos ambulantes se instalen en el centro de la ciudad, en el marco de las fiestas navide\u00f1as; unos 60 son con motivo de la fiesta patronal en honor a la Virgen de la Soledad, en la avenida Independencia.<\/p>\n\n\n\n<p>En entrevista colectiva, tras la sesi\u00f3n de cabildo, el edil justific\u00f3 la instalaci\u00f3n de esos puestos ante la falta de empleo, adem\u00e1s que son de manera temporal, y hasta record\u00f3 que este tipo de comercio es hist\u00f3rico y una tradici\u00f3n.<\/p>\n\n\n\n<p>\u201cHay necesidad del orden econ\u00f3mico, hay quienes han hecho de esta actividad su ocupaci\u00f3n ordinaria, y no pueden dejar de realizarla\u201d, apunt\u00f3 Mart\u00ednez Neri.<\/p>\n\n\n\n<p>Pero tambi\u00e9n reconoci\u00f3 el da\u00f1o que sea ocasionado de manera frecuente a los bienes inmuebles de la ciudad Patrimonio Mundial, por lo que consider\u00f3 necesario realizar una legislaci\u00f3n para imponer severas sanciones a quienes da\u00f1en la infraestructura de la capital.\u00a0<\/p>\n\n\n\n<figure class=\"wp-block-embed is-type-rich is-provider-twitter wp-block-embed-twitter\"><div class=\"wp-block-embed__wrapper\">\n<div class=\"twitter-tweet\"><blockquote class=\"twitter-tweet\" data-lang=\"es\"><p lang=\"es\" dir=\"ltr\">2. Respecto a la aprobaci\u00f3n del Cabildo para cerca de 300 ambulantes por temporada decembrina, el edil <a href=\"https:\/\/twitter.com\/FMartinezNeri?ref_src=twsrc%5Etfw\">@FMartinezNeri<\/a> nuevamente justific\u00f3 que no hay oportunidades laborales suficientes y adem\u00e1s <a href=\"https:\/\/twitter.com\/hashtag\/Oaxaca?src=hash&amp;ref_src=twsrc%5Etfw\">#Oaxaca<\/a> tiene una \u201ctradici\u00f3n\u201d de comercio en la v\u00eda p\u00fablica. <a href=\"https:\/\/t.co\/NL0oLqNmRB\">pic.twitter.com\/NL0oLqNmRB<\/a><\/p>&mdash; Zona Roja Oaxaca (@ZonaRoja_Oaxaca) <a href=\"https:\/\/twitter.com\/ZonaRoja_Oaxaca\/status\/1603502180496838656?ref_src=twsrc%5Etfw\">15 de diciembre de 2022<\/a><\/blockquote><\/div>\n<\/div><\/figure>\n","protected":false},"excerpt":{"rendered":"<p>Yuridiana Sosa\/Zona Roja. Oaxaca de Ju\u00e1rez, Oax., 15 de diciembre de 2022.- Pese a protestas&hellip;<\/p>\n","protected":false},"author":2,"featured_media":49323,"comment_status":"closed","ping_status":"open","sticky":false,"template":"","format":"standard","meta":{"_lmt_disableupdate":"","_lmt_disable":"","_jetpack_memberships_contains_paid_content":false,"footnotes":""},"categories":[109,47],"tags":[148],"class_list":["post-49321","post","type-post","status-publish","format-standard","has-post-thumbnail","hentry","category-minuto-a-minuto","category-zona-gris","tag-oaxaca-de-juarez"],"jetpack_featured_media_url":"https:\/\/zonaroja.com.mx\/wp-content\/uploads\/2022\/12\/Sesion-Cabildo-Oaxaca-de-Juarez.jpg","jetpack_sharing_enabled":true,"_links":{"self":[{"href":"https:\/\/zonaroja.com.mx\/index.php?rest_route=\/wp\/v2\/posts\/49321","targetHints":{"allow":["GET"]}}],"collection":[{"href":"https:\/\/zonaroja.com.mx\/index.php?rest_route=\/wp\/v2\/posts"}],"about":[{"href":"https:\/\/zonaroja.com.mx\/index.php?rest_route=\/wp\/v2\/types\/post"}],"author":[{"embeddable":true,"href":"https:\/\/zonaroja.com.mx\/index.php?rest_route=\/wp\/v2\/users\/2"}],"replies":[{"embeddable":true,"href":"https:\/\/zonaroja.com.mx\/index.php?rest_route=%2Fwp%2Fv2%2Fcomments&post=49321"}],"version-history":[{"count":1,"href":"https:\/\/zonaroja.com.mx\/index.php?rest_route=\/wp\/v2\/posts\/49321\/revisions"}],"predecessor-version":[{"id":49324,"href":"https:\/\/zonaroja.com.mx\/index.php?rest_route=\/wp\/v2\/posts\/49321\/revisions\/49324"}],"wp:featuredmedia":[{"embeddable":true,"href":"https:\/\/zonaroja.com.mx\/index.php?rest_route=\/wp\/v2\/media\/49323"}],"wp:attachment":[{"href":"https:\/\/zonaroja.com.mx\/index.php?rest_route=%2Fwp%2Fv2%2Fmedia&parent=49321"}],"wp:term":[{"taxonomy":"category","embeddable":true,"href":"https:\/\/zonaroja.com.mx\/index.php?rest_route=%2Fwp%2Fv2%2Fcategories&post=49321"},{"taxonomy":"post_tag","embeddable":true,"href":"https:\/\/zonaroja.com.mx\/index.php?rest_route=%2Fwp%2Fv2%2Ftags&post=49321"}],"curies":[{"name":"wp","href":"https:\/\/api.w.org\/{rel}","templated":true}]}}