{"id":49325,"date":"2022-12-15T22:14:45","date_gmt":"2022-12-16T04:14:45","guid":{"rendered":"http:\/\/www.zonaroja.com.mx\/?p=49325"},"modified":"2022-12-15T22:14:47","modified_gmt":"2022-12-16T04:14:47","slug":"sigue-roja-la-primavera-oaxaquena-y-sin-resultados-operativo-de-seguridad","status":"publish","type":"post","link":"https:\/\/zonaroja.com.mx\/?p=49325","title":{"rendered":"Sigue roja la \u201cprimavera oaxaque\u00f1a\u201d y sin resultados operativo de seguridad"},"content":{"rendered":"\n<p>Ismael Garc\u00eda M.\/Zona Roja.<\/p>\n\n\n\n<p>Oaxaca de Ju\u00e1rez., Oax., a 15 de junio de 2022.- A dos semanas del inicio del sexenio que el gobernador Salom\u00f3n Jara Cruz ha dado en llamar el inicio de la \u201cprimavera oaxaque\u00f1a\u201d, los delitos no cesan.<\/p>\n\n\n\n<p>La tarde de este jueves, al menos dos sujetos armados asaltaron a un cuentahabiente en la colonia Reforma de la ciudad de Oaxaca, a quien despojaron de alrededor de 600 mil pesos.<\/p>\n\n\n\n<p>Tras una persecuci\u00f3n y b\u00fasqueda policiaca de elementos municipales, lograron dar con uno de los presuntos delincuentes y lo detuvieron, para ponerlo a disposici\u00f3n del Ministerio P\u00fablico; sin embargo, el otro sujeto huy\u00f3 con el bot\u00edn.<\/p>\n\n\n\n<p>Mientras que esta noche, sujetos desconocidos balearon a una persona, en la avenida S\u00edmbolos Patrios, jurisdicci\u00f3n de San Antonio de la Cal, al sur de la capital oaxaque\u00f1a.<\/p>\n\n\n\n<p>El hombre recibi\u00f3 un disparo de arma de fuego en la pierna y fue atendido por una ambulancia de San Antonio de la Cal; a\u00fan no ha sido identificado y se desconocen hasta ahora los motivos por los cuales fue acribillado.<\/p>\n\n\n\n<p>IDENTIFICAN A JOVEN<\/p>\n\n\n\n<p>Por otra parte, respecto al probable feminicidio registrado ayer por la ma\u00f1ana en el municipio de Salina Cruz, autoridades ministeriales y familiares de la v\u00edctima la identificaron como Wendy S. L. A., de 17 a\u00f1os de edad.<\/p>\n\n\n\n<p>El cuerpo fue hallado en un camino de terracer\u00eda rumbo a la localidad de Playa Brasil y presentaba varios impactos de arma de fuego; presuntamente intervino en d\u00edas pasados en una agresi\u00f3n a elementos de investigaci\u00f3n y viv\u00eda en la colonia Hidalgo Oriente de Salina Cruz.\u00a0<\/p>\n\n\n\n<figure class=\"wp-block-embed is-type-rich is-provider-twitter wp-block-embed-twitter\"><div class=\"wp-block-embed__wrapper\">\n<div class=\"twitter-tweet\"><blockquote class=\"twitter-tweet\" data-lang=\"es\"><p lang=\"es\" dir=\"ltr\"><a href=\"https:\/\/twitter.com\/hashtag\/%C3%9AltimoMinuto?src=hash&amp;ref_src=twsrc%5Etfw\">#\u00daltimoMinuto<\/a><br>Cada vez m\u00e1s grave la inseguridad en la ciudad de <a href=\"https:\/\/twitter.com\/hashtag\/Oaxaca?src=hash&amp;ref_src=twsrc%5Etfw\">#Oaxaca<\/a>.<br>Esta tarde asaltaron a cuentahabiente en la colonia Reforma, y lo despojaron de 600 mil pesos.<br>Un ladr\u00f3n huy\u00f3 con el bot\u00edn; polic\u00edas municipales detuvieron a un sujeto armado.<br>Fracasos,con Ra\u00fal \u00c1vila Ibarra. <a href=\"https:\/\/t.co\/4LcqLVZujl\">pic.twitter.com\/4LcqLVZujl<\/a><\/p>&mdash; Zona Roja Oaxaca (@ZonaRoja_Oaxaca) <a href=\"https:\/\/twitter.com\/ZonaRoja_Oaxaca\/status\/1603546018590629894?ref_src=twsrc%5Etfw\">16 de diciembre de 2022<\/a><\/blockquote><\/div>\n<\/div><\/figure>\n","protected":false},"excerpt":{"rendered":"<p>Ismael Garc\u00eda M.\/Zona Roja. Oaxaca de Ju\u00e1rez., Oax., a 15 de junio de 2022.- A&hellip;<\/p>\n","protected":false},"author":2,"featured_media":49326,"comment_status":"closed","ping_status":"open","sticky":false,"template":"","format":"standard","meta":{"_lmt_disableupdate":"","_lmt_disable":"","_jetpack_memberships_contains_paid_content":false,"footnotes":""},"categories":[109,47],"tags":[148],"class_list":["post-49325","post","type-post","status-publish","format-standard","has-post-thumbnail","hentry","category-minuto-a-minuto","category-zona-gris","tag-oaxaca-de-juarez"],"jetpack_featured_media_url":"https:\/\/zonaroja.com.mx\/wp-content\/uploads\/2022\/12\/Asalto-a-cuentahabiente-ciudad-de-Oaxaca.jpg","jetpack_sharing_enabled":true,"_links":{"self":[{"href":"https:\/\/zonaroja.com.mx\/index.php?rest_route=\/wp\/v2\/posts\/49325","targetHints":{"allow":["GET"]}}],"collection":[{"href":"https:\/\/zonaroja.com.mx\/index.php?rest_route=\/wp\/v2\/posts"}],"about":[{"href":"https:\/\/zonaroja.com.mx\/index.php?rest_route=\/wp\/v2\/types\/post"}],"author":[{"embeddable":true,"href":"https:\/\/zonaroja.com.mx\/index.php?rest_route=\/wp\/v2\/users\/2"}],"replies":[{"embeddable":true,"href":"https:\/\/zonaroja.com.mx\/index.php?rest_route=%2Fwp%2Fv2%2Fcomments&post=49325"}],"version-history":[{"count":1,"href":"https:\/\/zonaroja.com.mx\/index.php?rest_route=\/wp\/v2\/posts\/49325\/revisions"}],"predecessor-version":[{"id":49327,"href":"https:\/\/zonaroja.com.mx\/index.php?rest_route=\/wp\/v2\/posts\/49325\/revisions\/49327"}],"wp:featuredmedia":[{"embeddable":true,"href":"https:\/\/zonaroja.com.mx\/index.php?rest_route=\/wp\/v2\/media\/49326"}],"wp:attachment":[{"href":"https:\/\/zonaroja.com.mx\/index.php?rest_route=%2Fwp%2Fv2%2Fmedia&parent=49325"}],"wp:term":[{"taxonomy":"category","embeddable":true,"href":"https:\/\/zonaroja.com.mx\/index.php?rest_route=%2Fwp%2Fv2%2Fcategories&post=49325"},{"taxonomy":"post_tag","embeddable":true,"href":"https:\/\/zonaroja.com.mx\/index.php?rest_route=%2Fwp%2Fv2%2Ftags&post=49325"}],"curies":[{"name":"wp","href":"https:\/\/api.w.org\/{rel}","templated":true}]}}