{"id":49328,"date":"2022-12-16T06:40:52","date_gmt":"2022-12-16T12:40:52","guid":{"rendered":"http:\/\/www.zonaroja.com.mx\/?p=49328"},"modified":"2022-12-16T06:40:54","modified_gmt":"2022-12-16T12:40:54","slug":"denuncia-periodista-ciro-gomez-leyva-intento-de-asesinato","status":"publish","type":"post","link":"https:\/\/zonaroja.com.mx\/?p=49328","title":{"rendered":"Denuncia periodista Ciro G\u00f3mez Leyva intento de asesinato"},"content":{"rendered":"\n<p>Redacci\u00f3n\/Zona Roja Cdmx.<\/p>\n\n\n\n<p>Ciudad de M\u00e9xico, a 16 de diciembre de 2022.- El periodista Ciro G\u00f3mez Leyva denunci\u00f3 alrededor de las 23:33 horas de este jueves 15 de diciembre, que fue v\u00edctima de un atentado.&nbsp;<\/p>\n\n\n\n<p>\u201cA las 11:10 pm a 200 metros de mi casa dos personas en una motocicleta me dispararon, al parecer con la clara intenci\u00f3n de matarme. Me salv\u00f3 el blindaje de mi camioneta que yo manejaba y he enterado del asunto a las autoridades. CGL\u201d, escribi\u00f3 a trav\u00e9s de Twitter.<\/p>\n\n\n\n<p>Asimismo, el periodista de Imagen Televisi\u00f3n public\u00f3 im\u00e1genes de su camioneta, cuyo blindaje lo puso a salvo de las balas.<\/p>\n\n\n\n<p>El titular de la Secretar\u00eda de Seguridad Ciudadana de la Ciudad de M\u00e9xico, Omar Garc\u00eda Harfuch inform\u00f3: \u2018Vamos a detener a los responsables y tenga la seguridad que cuenta con todo el respaldo del @GobCDMX @SSC_CDMX\u2019.<\/p>\n\n\n\n<p>La agresi\u00f3n contra G\u00f3mez Leyva provoc\u00f3 reacciones en redes sociales. Una de ellas, la periodista Azucena Uresti, quien escribi\u00f3 en Twitter: \u2018Un abrazo querido y admirado @CiroGomezL Agradezco te encuentres bien. Lo que venga y decidas cuentas conmigo siempre\u2019.<\/p>\n\n\n\n<p>La escritora \u00c1ngeles Mastretta anunci\u00f3: \u2018Querido Ciro. Un abrazo muy fuerte y toda la solidaridad que sea necesaria. S\u00ed, \u00e1nimo y valor, son urgentes\u2019.<\/p>\n\n\n\n<p>El ex titular de la Secretar\u00eda de Turismo, Enrique de la Madrid, aprovech\u00f3 para hacer menci\u00f3n de la polarizaci\u00f3n en el pa\u00eds: \u2018Te mando un abrazo muy solidario y que bueno que no lograron su intenci\u00f3n. No podemos seguir en un ambiente de tanta polarizaci\u00f3n. A la violencia verbal siempre le sigue la violencia f\u00edsica. Basta ya de polarizar!!\u2019, escribi\u00f3.<\/p>\n\n\n\n<p>Ciro G\u00f3mez Leyva es un periodista y escritor mexicano, ganador de los premios Rodolfo Walsh, Pedro Sarquis Merrewe y nacional de locuci\u00f3n. Es titular del programa Ciro por la ma\u00f1ana de Radio F\u00f3rmula y de Imagen Noticias con Ciro G\u00f3mez Leyva de Grupo Imagen<\/p>\n\n\n\n<p>(Informaci\u00f3n de \u201cEl Financiero\u201d)<\/p>\n","protected":false},"excerpt":{"rendered":"<p>Redacci\u00f3n\/Zona Roja Cdmx. Ciudad de M\u00e9xico, a 16 de diciembre de 2022.- El periodista Ciro&hellip;<\/p>\n","protected":false},"author":2,"featured_media":49329,"comment_status":"closed","ping_status":"open","sticky":false,"template":"","format":"standard","meta":{"_lmt_disableupdate":"","_lmt_disable":"","_jetpack_memberships_contains_paid_content":false,"footnotes":""},"categories":[109,47],"tags":[3354],"class_list":["post-49328","post","type-post","status-publish","format-standard","has-post-thumbnail","hentry","category-minuto-a-minuto","category-zona-gris","tag-ciro-gomez-leyva"],"jetpack_featured_media_url":"https:\/\/zonaroja.com.mx\/wp-content\/uploads\/2022\/12\/Atentado-contra-ciro-Gomez-Leyva.jpg","jetpack_sharing_enabled":true,"_links":{"self":[{"href":"https:\/\/zonaroja.com.mx\/index.php?rest_route=\/wp\/v2\/posts\/49328","targetHints":{"allow":["GET"]}}],"collection":[{"href":"https:\/\/zonaroja.com.mx\/index.php?rest_route=\/wp\/v2\/posts"}],"about":[{"href":"https:\/\/zonaroja.com.mx\/index.php?rest_route=\/wp\/v2\/types\/post"}],"author":[{"embeddable":true,"href":"https:\/\/zonaroja.com.mx\/index.php?rest_route=\/wp\/v2\/users\/2"}],"replies":[{"embeddable":true,"href":"https:\/\/zonaroja.com.mx\/index.php?rest_route=%2Fwp%2Fv2%2Fcomments&post=49328"}],"version-history":[{"count":1,"href":"https:\/\/zonaroja.com.mx\/index.php?rest_route=\/wp\/v2\/posts\/49328\/revisions"}],"predecessor-version":[{"id":49330,"href":"https:\/\/zonaroja.com.mx\/index.php?rest_route=\/wp\/v2\/posts\/49328\/revisions\/49330"}],"wp:featuredmedia":[{"embeddable":true,"href":"https:\/\/zonaroja.com.mx\/index.php?rest_route=\/wp\/v2\/media\/49329"}],"wp:attachment":[{"href":"https:\/\/zonaroja.com.mx\/index.php?rest_route=%2Fwp%2Fv2%2Fmedia&parent=49328"}],"wp:term":[{"taxonomy":"category","embeddable":true,"href":"https:\/\/zonaroja.com.mx\/index.php?rest_route=%2Fwp%2Fv2%2Fcategories&post=49328"},{"taxonomy":"post_tag","embeddable":true,"href":"https:\/\/zonaroja.com.mx\/index.php?rest_route=%2Fwp%2Fv2%2Ftags&post=49328"}],"curies":[{"name":"wp","href":"https:\/\/api.w.org\/{rel}","templated":true}]}}