{"id":49331,"date":"2022-12-16T09:53:00","date_gmt":"2022-12-16T15:53:00","guid":{"rendered":"http:\/\/www.zonaroja.com.mx\/?p=49331"},"modified":"2022-12-16T06:53:59","modified_gmt":"2022-12-16T12:53:59","slug":"gasto-ivette-moren-mas-del-200-del-presupuesto-del-dif-y-contrato-a-empresas-inhabilitadas","status":"publish","type":"post","link":"https:\/\/zonaroja.com.mx\/?p=49331","title":{"rendered":"Gast\u00f3 Ivette Mor\u00e9n m\u00e1s del 200% del presupuesto del DIF y contrat\u00f3 a empresas inhabilitadas"},"content":{"rendered":"\n<p>Yuridiana Sosa\/Zona Roja.<\/p>\n\n\n\n<p>Oaxaca de Ju\u00e1rez, Oax., 15 de diciembre de 2022.- Durante el \u00faltimo a\u00f1o del gobierno de Alejandro Murat, el Sistema Estatal para el Desarrollo Integral de la Familia (DIF) que presidi\u00f3 Ivette Mor\u00e1n, gast\u00f3 m\u00e1s del 215 por ciento del presupuesto asignado para el 2022.<\/p>\n\n\n\n<p>El diputado local de Oaxaca, Sergio L\u00f3pez S\u00e1nchez, dio a conocer sobre el subejercicio del presupuesto, el cual ten\u00eda asignado un monto de 374 millones de pesos, pero para el tercer trimestre la dependencia ya hab\u00eda gastado m\u00e1s de 807 millones de pesos.<\/p>\n\n\n\n<p>Sobre esa situaci\u00f3n, dijo, se&nbsp;indagar\u00e1 para conocer a fondo la ejecuci\u00f3n de los recursos p\u00fablicos.<\/p>\n\n\n\n<p>FRAUDE EN DESPENSAS<\/p>\n\n\n\n<p>Previamente, en el mes de noviembre, la asociaci\u00f3n civil \u00abOaxaque\u00f1os contra la Corrupci\u00f3n\u201d denunci\u00f3 que el gobierno de Oaxaca hab\u00eda pagado m\u00e1s de 1.9 mil millones de pesos a empresas fraudulentas para la entrega de despensas.<\/p>\n\n\n\n<p>La organizaci\u00f3n civil se\u00f1al\u00f3 que la familia Landsmanas, de origen let\u00f3n-lituano, presuntamente acusados de delincuencia organizada, corrupci\u00f3n, tr\u00e1fico internacional, incluidos en los \u201cPanama papers\u201d, fueron los socios principales en despensas del DIF.<\/p>\n\n\n\n<p>\u201cOaxaque\u00f1os contra la Corrupci\u00f3n\u201d detall\u00f3 en su investigaci\u00f3n p\u00fablica que la administraci\u00f3n de Murat Hinojosa sostuvo desde el inicio de su periodo relaciones de negocios con la empresa Corporativo Kosmos a trav\u00e9s de su filial Abastos y Distribuciones Institucionales S.A de C.V, al final del sexenio acumul\u00f3 un monto de mil 968 millones 185 mil 549.37.<\/p>\n\n\n\n<p>Esa empresas &nbsp;fue inhabilitada por la Secretar\u00eda de la Funci\u00f3n P\u00fablica,&nbsp;en el expediente administrativo&nbsp;PISI-A-SUR D.F.-NC-DS-273\/2006, que se\u00f1ala que proporcionaba&nbsp;alimentos descompuestos y de baja calidad, por lo que fue&nbsp;sancionada por con una multa de 696 mil 384 pesos e inhabilitaci\u00f3n para participar en licitaciones por dos a\u00f1os y cuatro meses.<\/p>\n\n\n\n<p>Pese a eso, el DIF Oaxaca continu\u00f3 sus compras millonarias, pues en mayo de 2022 el gobierno estatal volvi\u00f3 a contratar a la empresa filial del Corporativo Kosmos, Abastos y Distribuciones Institucionales S.A. de C.V.<\/p>\n\n\n\n<p>\u201cOaxaque\u00f1os contra la Corrupci\u00f3n\u201d indic\u00f3 que dicho contrato 34\/CONTRATO\/2022, de la licitaci\u00f3n p\u00fablica nacional LPN-SA-SD-0008-03\/2022, fue por un monto de 712 millones 877 mil 633.37 pesos, por concepto de \u00abproductos alimenticios, con reparto incluido\u201d. &nbsp;<\/p>\n","protected":false},"excerpt":{"rendered":"<p>Yuridiana Sosa\/Zona Roja. Oaxaca de Ju\u00e1rez, Oax., 15 de diciembre de 2022.- Durante el \u00faltimo&hellip;<\/p>\n","protected":false},"author":2,"featured_media":49332,"comment_status":"closed","ping_status":"open","sticky":false,"template":"","format":"standard","meta":{"_lmt_disableupdate":"","_lmt_disable":"","_jetpack_memberships_contains_paid_content":false,"footnotes":""},"categories":[109,47],"tags":[842],"class_list":["post-49331","post","type-post","status-publish","format-standard","has-post-thumbnail","hentry","category-minuto-a-minuto","category-zona-gris","tag-ivette-moran-de-murat"],"jetpack_featured_media_url":"https:\/\/zonaroja.com.mx\/wp-content\/uploads\/2022\/12\/Ivette-Moran-y-Alejandro-Murat.jpg","jetpack_sharing_enabled":true,"_links":{"self":[{"href":"https:\/\/zonaroja.com.mx\/index.php?rest_route=\/wp\/v2\/posts\/49331","targetHints":{"allow":["GET"]}}],"collection":[{"href":"https:\/\/zonaroja.com.mx\/index.php?rest_route=\/wp\/v2\/posts"}],"about":[{"href":"https:\/\/zonaroja.com.mx\/index.php?rest_route=\/wp\/v2\/types\/post"}],"author":[{"embeddable":true,"href":"https:\/\/zonaroja.com.mx\/index.php?rest_route=\/wp\/v2\/users\/2"}],"replies":[{"embeddable":true,"href":"https:\/\/zonaroja.com.mx\/index.php?rest_route=%2Fwp%2Fv2%2Fcomments&post=49331"}],"version-history":[{"count":1,"href":"https:\/\/zonaroja.com.mx\/index.php?rest_route=\/wp\/v2\/posts\/49331\/revisions"}],"predecessor-version":[{"id":49333,"href":"https:\/\/zonaroja.com.mx\/index.php?rest_route=\/wp\/v2\/posts\/49331\/revisions\/49333"}],"wp:featuredmedia":[{"embeddable":true,"href":"https:\/\/zonaroja.com.mx\/index.php?rest_route=\/wp\/v2\/media\/49332"}],"wp:attachment":[{"href":"https:\/\/zonaroja.com.mx\/index.php?rest_route=%2Fwp%2Fv2%2Fmedia&parent=49331"}],"wp:term":[{"taxonomy":"category","embeddable":true,"href":"https:\/\/zonaroja.com.mx\/index.php?rest_route=%2Fwp%2Fv2%2Fcategories&post=49331"},{"taxonomy":"post_tag","embeddable":true,"href":"https:\/\/zonaroja.com.mx\/index.php?rest_route=%2Fwp%2Fv2%2Ftags&post=49331"}],"curies":[{"name":"wp","href":"https:\/\/api.w.org\/{rel}","templated":true}]}}