{"id":4934,"date":"2019-10-18T15:38:50","date_gmt":"2019-10-18T20:38:50","guid":{"rendered":"http:\/\/www.zonaroja.com.mx\/?p=4934"},"modified":"2019-10-18T15:38:53","modified_gmt":"2019-10-18T20:38:53","slug":"iniciara-amlo-en-la-capital-de-oaxaca-programa-la-escuela-es-nuestra","status":"publish","type":"post","link":"https:\/\/zonaroja.com.mx\/?p=4934","title":{"rendered":"Iniciar\u00e1 AMLO en la capital de Oaxaca programa \u201cLa escuela es nuestra\u201d"},"content":{"rendered":"\n<p>Evlin Arag\u00f3n\/Zona Roja.<\/p>\n\n\n\n<p>Oaxaca de Ju\u00e1rez, Oax., 18 de octubre\nde 2019.- En el marco de su gira de trabajo por Oaxaca, el Presidente Andr\u00e9s\nManuel L\u00f3pez Obrador agreg\u00f3 una actividad a su agenda de trabajo de tres d\u00edas.<\/p>\n\n\n\n<p>El domingo por la ma\u00f1ana, en la Plaza\nde la Danza de la ciudad de Oaxaca sostendr\u00e1 una reuni\u00f3n de trabajo con autoridades\nde los 570 municipios, con el prop\u00f3sito de iniciar el programa \u201cLa Escuela es\nNuestra\u201d.<\/p>\n\n\n\n<p>Mediante dicho esquema otorgar\u00e1 el\npresupuesto de los centros escolares a los comit\u00e9s de padres de familia, para\natender en una primera fase la rehabilitaci\u00f3n de los planteles ind\u00edgenas y\nda\u00f1ados por sismos. <\/p>\n\n\n\n<p>Con respecto al caso de Asunci\u00f3n\nNochixtl\u00e1n, municipio que visitar\u00e1 este s\u00e1bado,&nbsp;\nel mandatario federal asegur\u00f3 que nunca m\u00e1s se va a reprimir al pueblo y\nque se encuentran en constante comunicaci\u00f3n con las v\u00edctimas de los hechos\nsuscitados en el 2016.<\/p>\n\n\n\n<p>\u201cEso es lo que no volveremos a hacer,\nel que se utilice la fuerza p\u00fablica en contra del pueblo, porque miren lo que\ncausaron. Nunca m\u00e1s se permitir\u00e1, nunca se va a dar la orden para reprimir al\npueblo\u201d, dijo L\u00f3pez Obrador, en presencia del gobernador Alejandro Murat\nHinojosa.<\/p>\n\n\n\n<p>As\u00ed mismo, insisti\u00f3 en que se atiende a\nlas v\u00edctimas de la represi\u00f3n y se da siguiendo a la investigaci\u00f3n al interior\nde la Fiscal\u00eda General de la Rep\u00fablica, para castigar a los responsables.<\/p>\n\n\n\n<p>Ello pese a que el Comit\u00e9 de V\u00edctimas de\nNochixtl\u00e1n negar\u00e1 tanto la atenci\u00f3n como los avances en el caso y anunciar\u00e1\nmovilizaciones en caso de no concretarse una mesa de di\u00e1logo este viernes.<\/p>\n\n\n\n<p>Este viernes el Presidente de M\u00e9xico\nrecorre la Heroica Ciudad de Tlaxiaco y Putla Villa de Guerrero; retornar\u00e1 por\nla noche a la capital, para pernoctar. Ma\u00f1ana acudir\u00e1 a Asunci\u00f3n Nochixtl\u00e1n y\nSan Juan Bautista Cuicatl\u00e1n. El domingo adem\u00e1s del evento en la ciudad de\nOaxaca, estar\u00e1 en Santa Mar\u00eda Ecatepec.<\/p>\n","protected":false},"excerpt":{"rendered":"<p>Evlin Arag\u00f3n\/Zona Roja. Oaxaca de Ju\u00e1rez, Oax., 18 de octubre de 2019.- En el marco&hellip;<\/p>\n","protected":false},"author":2,"featured_media":4935,"comment_status":"closed","ping_status":"open","sticky":false,"template":"","format":"standard","meta":{"_lmt_disableupdate":"","_lmt_disable":"","_jetpack_memberships_contains_paid_content":false,"footnotes":""},"categories":[109,46],"tags":[143],"class_list":["post-4934","post","type-post","status-publish","format-standard","has-post-thumbnail","hentry","category-minuto-a-minuto","category-zona-blanca","tag-andres-manuel-lopez-obrador"],"jetpack_featured_media_url":"https:\/\/zonaroja.com.mx\/wp-content\/uploads\/2019\/10\/Image-1-30.png","jetpack_sharing_enabled":true,"_links":{"self":[{"href":"https:\/\/zonaroja.com.mx\/index.php?rest_route=\/wp\/v2\/posts\/4934","targetHints":{"allow":["GET"]}}],"collection":[{"href":"https:\/\/zonaroja.com.mx\/index.php?rest_route=\/wp\/v2\/posts"}],"about":[{"href":"https:\/\/zonaroja.com.mx\/index.php?rest_route=\/wp\/v2\/types\/post"}],"author":[{"embeddable":true,"href":"https:\/\/zonaroja.com.mx\/index.php?rest_route=\/wp\/v2\/users\/2"}],"replies":[{"embeddable":true,"href":"https:\/\/zonaroja.com.mx\/index.php?rest_route=%2Fwp%2Fv2%2Fcomments&post=4934"}],"version-history":[{"count":1,"href":"https:\/\/zonaroja.com.mx\/index.php?rest_route=\/wp\/v2\/posts\/4934\/revisions"}],"predecessor-version":[{"id":4936,"href":"https:\/\/zonaroja.com.mx\/index.php?rest_route=\/wp\/v2\/posts\/4934\/revisions\/4936"}],"wp:featuredmedia":[{"embeddable":true,"href":"https:\/\/zonaroja.com.mx\/index.php?rest_route=\/wp\/v2\/media\/4935"}],"wp:attachment":[{"href":"https:\/\/zonaroja.com.mx\/index.php?rest_route=%2Fwp%2Fv2%2Fmedia&parent=4934"}],"wp:term":[{"taxonomy":"category","embeddable":true,"href":"https:\/\/zonaroja.com.mx\/index.php?rest_route=%2Fwp%2Fv2%2Fcategories&post=4934"},{"taxonomy":"post_tag","embeddable":true,"href":"https:\/\/zonaroja.com.mx\/index.php?rest_route=%2Fwp%2Fv2%2Ftags&post=4934"}],"curies":[{"name":"wp","href":"https:\/\/api.w.org\/{rel}","templated":true}]}}