{"id":49343,"date":"2022-12-16T11:25:00","date_gmt":"2022-12-16T17:25:00","guid":{"rendered":"http:\/\/www.zonaroja.com.mx\/?p=49343"},"modified":"2022-12-16T08:33:38","modified_gmt":"2022-12-16T14:33:38","slug":"dictan-18-meses-de-prision-preventiva-contra-el-expresidente-de-peru","status":"publish","type":"post","link":"https:\/\/zonaroja.com.mx\/?p=49343","title":{"rendered":"Dictan 18 meses de prisi\u00f3n preventiva contra el expresidente de Per\u00fa"},"content":{"rendered":"\n<p>Redacci\u00f3n\/Zona Roja Cdmx.<\/p>\n\n\n\n<p>Ciudad de M\u00e9xico, a 16 de diciembre de 2022.- El poder judicial de Per\u00fa decidi\u00f3 que el expresidente de ese pa\u00eds, Pedro Castillo, permanecer\u00e1 en prisi\u00f3n preventiva por 18 meses, debido a que hay una investigaci\u00f3n por rebeli\u00f3n en su contra. Castillo se neg\u00f3 a ser notificado y no particip\u00f3 en la audiencia; mientras que su defensa en la cita fue asumida por un abogado de oficio. &nbsp;<\/p>\n\n\n\n<p>El defensor acreditado del exgobernante, Ronald Atencio, explic\u00f3 que no participa en la audiencia porque considera que \u00abno existen garant\u00edas\u00bb. Por su parte, el fiscal adjunto supremo, Alcides Chinchay, estim\u00f3 en la audiencia que la pena a Castillo ser\u00eda de 10 a 20 a\u00f1os de c\u00e1rcel, y que hay peligro de fuga a M\u00e9xico, que lo quiere asilar.&nbsp;<\/p>\n\n\n\n<p>Este mismo d\u00eda, el expresidente, Pedro Castillo, volvi\u00f3 a enviar una carta a pu\u00f1o y letra, todo esto mientras la justicia peruana evaluaba si extender\u00eda su detenci\u00f3n por 18 meses a pedido de la Fiscal\u00eda de la Naci\u00f3n. En la misiva, denunci\u00f3 a la embajadora de Estados Unidos en Lima, Lisa Kenna, de \u201cordenar\u201d a la presidenta Dina Boluarte que despliegue el Ej\u00e9rcito en las calles en medio de las protestas contra su administraci\u00f3n.<\/p>\n\n\n\n<p>\u201cLa visita de la embajadora de EE. UU. a Palacio de Gobierno no fue gratis, tampoco a favor del pa\u00eds. Fue para dar la orden de sacar las tropas a las calles y masacrar a mi pueblo indefenso; y, de paso, dejar el camino libre para las explotaciones mineras, como el caso de Conga, T\u00eda Mar\u00eda y otros\u201d, escribi\u00f3 en su carta, la cual fue publicada en su cuenta oficial de Twitter.<\/p>\n\n\n\n<p>El expresidente de Per\u00fa, Pedro Castillo fue destituido de su cargo el pasado siete de diciembre a un a\u00f1o y cuatro meses en el poder. La decisi\u00f3n fue anunciada por el Congreso de Per\u00fa quienes lo destituyeron por \u00abincapacidad moral\u00bb, luego de que el exmandatario dio a conocer que ten\u00eda intenci\u00f3n de disolver el Parlamento y dar un autogolpe de Estado.<\/p>\n\n\n\n<p>La destituci\u00f3n de Castillo fue avalada por 101 votos a favor, seis en contra y 10 abstenciones. Su cargo fue asumido por la vicepresidenta Dina Boluarte. En primera instancia, el exmandatario permanecer\u00eda en prisi\u00f3n por siete d\u00edas, pero este 15 de diciembre trascendi\u00f3 que el expresidente permanecer\u00e1 privado de la libertad por, al menos, 18 meses, en lo que se le investiga por los presuntos delitos de rebeli\u00f3n, y alternativamente conspiraci\u00f3n.<\/p>\n\n\n\n<p>(Informaci\u00f3n de \u201cEl Heraldo\u201d)<\/p>\n","protected":false},"excerpt":{"rendered":"<p>Redacci\u00f3n\/Zona Roja Cdmx. Ciudad de M\u00e9xico, a 16 de diciembre de 2022.- El poder judicial&hellip;<\/p>\n","protected":false},"author":2,"featured_media":48989,"comment_status":"closed","ping_status":"open","sticky":false,"template":"","format":"standard","meta":{"_lmt_disableupdate":"","_lmt_disable":"","_jetpack_memberships_contains_paid_content":false,"footnotes":""},"categories":[109],"tags":[3340],"class_list":["post-49343","post","type-post","status-publish","format-standard","has-post-thumbnail","hentry","category-minuto-a-minuto","tag-pedro-castillo-peru"],"jetpack_featured_media_url":"https:\/\/zonaroja.com.mx\/wp-content\/uploads\/2022\/12\/Pedro-Castillo-Peru.jpeg","jetpack_sharing_enabled":true,"_links":{"self":[{"href":"https:\/\/zonaroja.com.mx\/index.php?rest_route=\/wp\/v2\/posts\/49343","targetHints":{"allow":["GET"]}}],"collection":[{"href":"https:\/\/zonaroja.com.mx\/index.php?rest_route=\/wp\/v2\/posts"}],"about":[{"href":"https:\/\/zonaroja.com.mx\/index.php?rest_route=\/wp\/v2\/types\/post"}],"author":[{"embeddable":true,"href":"https:\/\/zonaroja.com.mx\/index.php?rest_route=\/wp\/v2\/users\/2"}],"replies":[{"embeddable":true,"href":"https:\/\/zonaroja.com.mx\/index.php?rest_route=%2Fwp%2Fv2%2Fcomments&post=49343"}],"version-history":[{"count":1,"href":"https:\/\/zonaroja.com.mx\/index.php?rest_route=\/wp\/v2\/posts\/49343\/revisions"}],"predecessor-version":[{"id":49344,"href":"https:\/\/zonaroja.com.mx\/index.php?rest_route=\/wp\/v2\/posts\/49343\/revisions\/49344"}],"wp:featuredmedia":[{"embeddable":true,"href":"https:\/\/zonaroja.com.mx\/index.php?rest_route=\/wp\/v2\/media\/48989"}],"wp:attachment":[{"href":"https:\/\/zonaroja.com.mx\/index.php?rest_route=%2Fwp%2Fv2%2Fmedia&parent=49343"}],"wp:term":[{"taxonomy":"category","embeddable":true,"href":"https:\/\/zonaroja.com.mx\/index.php?rest_route=%2Fwp%2Fv2%2Fcategories&post=49343"},{"taxonomy":"post_tag","embeddable":true,"href":"https:\/\/zonaroja.com.mx\/index.php?rest_route=%2Fwp%2Fv2%2Ftags&post=49343"}],"curies":[{"name":"wp","href":"https:\/\/api.w.org\/{rel}","templated":true}]}}