{"id":49347,"date":"2022-12-16T15:44:28","date_gmt":"2022-12-16T21:44:28","guid":{"rendered":"http:\/\/www.zonaroja.com.mx\/?p=49347"},"modified":"2022-12-16T15:44:29","modified_gmt":"2022-12-16T21:44:29","slug":"tiene-primavera-oaxaquena-primera-muerte-por-negligencia-medica","status":"publish","type":"post","link":"https:\/\/zonaroja.com.mx\/?p=49347","title":{"rendered":"Tiene \u201cprimavera oaxaque\u00f1a\u201d primera muerte por negligencia m\u00e9dica"},"content":{"rendered":"\n<p>Ismael Garc\u00eda M.\/Zona Roja.<\/p>\n\n\n\n<p>Oaxaca de Ju\u00e1rez, Oax., a 16 de diciembre de 2022.- A dos semanas del inicio del gobierno que se autodenomina de la \u201cprimavera oaxaque\u00f1a\u201d, ya se registr\u00f3 la muerte de un menor en un hospital p\u00fablico, por probable negligencia m\u00e9dica.<\/p>\n\n\n\n<p>Ocurri\u00f3 en el hospital general ubicado en Ciudad Ixtepec, en la regi\u00f3n del Istmo, donde la se\u00f1ora Magnoli Urbieta Zamora, denunci\u00f3 que su menor de cuatro a\u00f1os de edad, Alexa, muri\u00f3 tras una intervenci\u00f3n quir\u00fargica, de la que momentos antes le hab\u00eda informado que fue con \u00e9xito.<\/p>\n\n\n\n<p>La mujer denunci\u00f3 ante los medios de comunicaci\u00f3n de la regi\u00f3n que ayer al mediod\u00eda su peque\u00f1a se sinti\u00f3 mal, por lo que de su tierra natal, Juchit\u00e1n, un m\u00e9dico privado la envi\u00f3 al hospital de Ciudad Ixtepec, donde ayer mismo fue operada de una hernia.<\/p>\n\n\n\n<p>Horas despu\u00e9s le informaron que todo hab\u00eda salido bien, pero en unos minutos m\u00e1s, de inmediato le dijeron que ya hab\u00eda fallecido, sin explicar las razones m\u00e9dicas.<\/p>\n\n\n\n<p>Presuntamente fue el m\u00e9dico Carlos Sol\u00f3rzano el responsable de la intervenci\u00f3n quir\u00fargica, por lo cual la madre pidi\u00f3 justicia y el apoyo de la sociedad.<\/p>\n\n\n\n<p>Por su parte, el Gobierno del Estado de Oaxaca emiti\u00f3 una tarjeta informativa en que se limit\u00f3 a informar que investiga el caso.<\/p>\n\n\n\n<p>\u201cDesde el primer momento en que se tuvo conocimiento del lamentable suceso, se giraron instrucciones para llevar a cabo los protocolos correspondientes en t\u00e9rminos de la normatividad vigente y aplicable\u201d, detall\u00f3.<\/p>\n","protected":false},"excerpt":{"rendered":"<p>Ismael Garc\u00eda M.\/Zona Roja. Oaxaca de Ju\u00e1rez, Oax., a 16 de diciembre de 2022.- A&hellip;<\/p>\n","protected":false},"author":2,"featured_media":12500,"comment_status":"closed","ping_status":"open","sticky":false,"template":"","format":"standard","meta":{"_lmt_disableupdate":"","_lmt_disable":"","_jetpack_memberships_contains_paid_content":false,"footnotes":""},"categories":[109,47],"tags":[703],"class_list":["post-49347","post","type-post","status-publish","format-standard","has-post-thumbnail","hentry","category-minuto-a-minuto","category-zona-gris","tag-ciudad-ixtepec"],"jetpack_featured_media_url":"https:\/\/zonaroja.com.mx\/wp-content\/uploads\/2020\/05\/Hospital-Ixtepec.jpg","jetpack_sharing_enabled":true,"_links":{"self":[{"href":"https:\/\/zonaroja.com.mx\/index.php?rest_route=\/wp\/v2\/posts\/49347","targetHints":{"allow":["GET"]}}],"collection":[{"href":"https:\/\/zonaroja.com.mx\/index.php?rest_route=\/wp\/v2\/posts"}],"about":[{"href":"https:\/\/zonaroja.com.mx\/index.php?rest_route=\/wp\/v2\/types\/post"}],"author":[{"embeddable":true,"href":"https:\/\/zonaroja.com.mx\/index.php?rest_route=\/wp\/v2\/users\/2"}],"replies":[{"embeddable":true,"href":"https:\/\/zonaroja.com.mx\/index.php?rest_route=%2Fwp%2Fv2%2Fcomments&post=49347"}],"version-history":[{"count":1,"href":"https:\/\/zonaroja.com.mx\/index.php?rest_route=\/wp\/v2\/posts\/49347\/revisions"}],"predecessor-version":[{"id":49348,"href":"https:\/\/zonaroja.com.mx\/index.php?rest_route=\/wp\/v2\/posts\/49347\/revisions\/49348"}],"wp:featuredmedia":[{"embeddable":true,"href":"https:\/\/zonaroja.com.mx\/index.php?rest_route=\/wp\/v2\/media\/12500"}],"wp:attachment":[{"href":"https:\/\/zonaroja.com.mx\/index.php?rest_route=%2Fwp%2Fv2%2Fmedia&parent=49347"}],"wp:term":[{"taxonomy":"category","embeddable":true,"href":"https:\/\/zonaroja.com.mx\/index.php?rest_route=%2Fwp%2Fv2%2Fcategories&post=49347"},{"taxonomy":"post_tag","embeddable":true,"href":"https:\/\/zonaroja.com.mx\/index.php?rest_route=%2Fwp%2Fv2%2Ftags&post=49347"}],"curies":[{"name":"wp","href":"https:\/\/api.w.org\/{rel}","templated":true}]}}