{"id":49349,"date":"2022-12-16T16:03:59","date_gmt":"2022-12-16T22:03:59","guid":{"rendered":"http:\/\/www.zonaroja.com.mx\/?p=49349"},"modified":"2022-12-16T16:04:00","modified_gmt":"2022-12-16T22:04:00","slug":"exige-victima-de-violencia-digital-dialogo-con-gobernador-de-oaxaca","status":"publish","type":"post","link":"https:\/\/zonaroja.com.mx\/?p=49349","title":{"rendered":"Exige v\u00edctima de violencia digital di\u00e1logo con gobernador de Oaxaca"},"content":{"rendered":"\n<p>Yuridiana Sosa\/Zona Roja.<\/p>\n\n\n\n<p>Oaxaca de Ju\u00e1rez, Oax., 16 de diciembre de 2022.- Ante la designaci\u00f3n de Donato Vargas Jim\u00e9nez como coordinador de Atenci\u00f3n Regional, acusado de crear y difundir contenido sexual en el grupo de WhatsApp \u201cSierra XXX\u201d, una de sus v\u00edctimas demand\u00f3 al gobernador de Oaxaca, Salom\u00f3n Jara, un di\u00e1logo.<\/p>\n\n\n\n<p>La mujer, identificada en la red social Twitter como Aracely Cruz, public\u00f3 en su cuenta: \u201cme gustar\u00eda solicitarle un espacio para comentarle que entre su equipo tiene trabajando a mi violentador, aunque ya tengo una denuncia contra \u00e9l, es imperante que usted conozca de primera mano mi situaci\u00f3n\u201d.<\/p>\n\n\n\n<p>Ante el hecho, el cual pas\u00f3 por alto el mandatario estatal, la v\u00edctima puntualiz\u00f3 que existen otros chats donde tambi\u00e9n se difunde contenido sexual sin el consentimiento de las mujeres.<\/p>\n\n\n\n<p>\u201cMe dan ganas de dar una conferencia y explicar el manejo del grupo de whats \u2018Sierra XXX\u2019, tambi\u00e9n explicar la existencia de otro grupo que se llama o llamaba \u2018Mezcaleros\u2019 y ah\u00ed estaban muchos pol\u00edticos otro grupo que se llama \u2018Hermanos mixes\u2019, se denigraba a mujeres\u201d, se\u00f1al\u00f3 de manera p\u00fablica en su cuenta.<\/p>\n\n\n\n<p>Aracely Cruz detall\u00f3 con relaci\u00f3n a Donato Vargas: &nbsp;\u201cel integrante del grupo de whatsApp \u2018Sierra XXX\u2019, donde solicitaban fotos de paisanas mixes y hac\u00edan comentarios mis\u00f3ginos sobre mujeres y en especial sobre m\u00ed, adem\u00e1s de ser mi violentador al amparo de las instituciones\u201d.<\/p>\n\n\n\n<p>Sobre declaraciones de Salom\u00f3n Jara de la queja de colectivos por dicha designaci\u00f3n, la cual defiende y apunta que es necesaria la comprobaci\u00f3n de hechos, la v\u00edctima le respondi\u00f3 que podr\u00eda dar testimonio de uno de sus servidores p\u00fablicos.<\/p>\n\n\n\n<p>Recientemente, en entrevista con la periodista Paulina R\u00edos, Jara Cruz dijo que cualquier delito debe tener castigo, cometa quien lo cometa, pero si es trabajador del Ejecutivo, desde una Secretar\u00eda hasta un jefe de departamento, y hasta pasando por el gobernador, \u201cno tiene nada qu\u00e9 hacer aqu\u00ed, pero se tiene que probar, hay muchos dichos\u201d.<\/p>\n\n\n\n<p>Por medio de sus redes, la mujer agreg\u00f3 que recientemente fueron otorgadas las medidas otorgadas desde el mes de agosto.<\/p>\n\n\n\n<p>En tanto, la Red Mariposas de Mujeres Mixes se pronunci\u00f3 contra la designaci\u00f3n y advirti\u00f3 al jefe del poder ejecutivo de Oaxaca que no tolerar\u00edan la mentira sobre supuestas indagatorias que realizar\u00edan sobre el caso.<\/p>\n\n\n\n<p>Por lo que exigieron que cumpla su palabra de investigar y la urgencia de destituir a Vargas Jim\u00e9nez.<\/p>\n","protected":false},"excerpt":{"rendered":"<p>Yuridiana Sosa\/Zona Roja. Oaxaca de Ju\u00e1rez, Oax., 16 de diciembre de 2022.- Ante la designaci\u00f3n&hellip;<\/p>\n","protected":false},"author":2,"featured_media":49350,"comment_status":"closed","ping_status":"open","sticky":false,"template":"","format":"standard","meta":{"_lmt_disableupdate":"","_lmt_disable":"","_jetpack_memberships_contains_paid_content":false,"footnotes":""},"categories":[109,47],"tags":[3355],"class_list":["post-49349","post","type-post","status-publish","format-standard","has-post-thumbnail","hentry","category-minuto-a-minuto","category-zona-gris","tag-donato-vargas"],"jetpack_featured_media_url":"https:\/\/zonaroja.com.mx\/wp-content\/uploads\/2022\/12\/Donato-Vargas.jpeg","jetpack_sharing_enabled":true,"_links":{"self":[{"href":"https:\/\/zonaroja.com.mx\/index.php?rest_route=\/wp\/v2\/posts\/49349","targetHints":{"allow":["GET"]}}],"collection":[{"href":"https:\/\/zonaroja.com.mx\/index.php?rest_route=\/wp\/v2\/posts"}],"about":[{"href":"https:\/\/zonaroja.com.mx\/index.php?rest_route=\/wp\/v2\/types\/post"}],"author":[{"embeddable":true,"href":"https:\/\/zonaroja.com.mx\/index.php?rest_route=\/wp\/v2\/users\/2"}],"replies":[{"embeddable":true,"href":"https:\/\/zonaroja.com.mx\/index.php?rest_route=%2Fwp%2Fv2%2Fcomments&post=49349"}],"version-history":[{"count":1,"href":"https:\/\/zonaroja.com.mx\/index.php?rest_route=\/wp\/v2\/posts\/49349\/revisions"}],"predecessor-version":[{"id":49351,"href":"https:\/\/zonaroja.com.mx\/index.php?rest_route=\/wp\/v2\/posts\/49349\/revisions\/49351"}],"wp:featuredmedia":[{"embeddable":true,"href":"https:\/\/zonaroja.com.mx\/index.php?rest_route=\/wp\/v2\/media\/49350"}],"wp:attachment":[{"href":"https:\/\/zonaroja.com.mx\/index.php?rest_route=%2Fwp%2Fv2%2Fmedia&parent=49349"}],"wp:term":[{"taxonomy":"category","embeddable":true,"href":"https:\/\/zonaroja.com.mx\/index.php?rest_route=%2Fwp%2Fv2%2Fcategories&post=49349"},{"taxonomy":"post_tag","embeddable":true,"href":"https:\/\/zonaroja.com.mx\/index.php?rest_route=%2Fwp%2Fv2%2Ftags&post=49349"}],"curies":[{"name":"wp","href":"https:\/\/api.w.org\/{rel}","templated":true}]}}