{"id":49352,"date":"2022-12-16T16:10:31","date_gmt":"2022-12-16T22:10:31","guid":{"rendered":"http:\/\/www.zonaroja.com.mx\/?p=49352"},"modified":"2022-12-16T19:53:42","modified_gmt":"2022-12-17T01:53:42","slug":"condenan-en-mexico-ntento-de-asesinato-que-sufrio-ciro-gomez-leyva","status":"publish","type":"post","link":"https:\/\/zonaroja.com.mx\/?p=49352","title":{"rendered":"Condenan en M\u00e9xico intento de asesinato que sufri\u00f3 Ciro G\u00f3mez Leyva"},"content":{"rendered":"\n<p>Redacci\u00f3n\/Zona Roja Cdmx.<\/p>\n\n\n\n<p>Ciudad de M\u00e9xico, a 16 de diciembre de 2022.- Periodistas de M\u00e9xico y organismos civiles como Art\u00edculo 19, cuyo inter\u00e9s recae en la defensa de la libertad de expresi\u00f3n y el derecho a la informaci\u00f3n, condenaron el intento de asesinato de Ciro Games Levva.<\/p>\n\n\n\n<p>\u201cCondenamos los hechos, exigimos a las autoridades reforzar su protecci\u00f3n y garantizar una investigaci\u00f3n diligente\u201d, escribieron en sus redes sociales al informar su conocimiento sobre los hechos.<\/p>\n\n\n\n<p>La noche del 15 de diciembre, en punto de las 23:10 horas, un par de sujetos armados que viajaban a bordo de una motocicleta dispararon en contra del veh\u00edculo del periodista Ciro G\u00f3mez Leyva, a escasos metros de su domicilio.<\/p>\n\n\n\n<p>Enseguida, figuras como Denise Maerker, Azucena Uresti, Carlos Loret de Mola y H\u00e9ctor de Maule\u00f3n compartieron mensajes de apoyo y solidaridad hacia G\u00f3mez Leyva, al tiempo que criticaron el ambiente de violencia al que est\u00e1n expuestas las personas que ejercen el periodismo en M\u00e9xico.<\/p>\n\n\n\n<p>\u201c\u00a1Hasta d\u00f3nde hemos llegado! Esto es inaceptable, indignante. Ojal\u00e1 con investigaci\u00f3n period\u00edstica podamos confirmar pronto qui\u00e9n est\u00e1 detr\u00e1s de esto\u201d, redact\u00f3 Loret de Mola.<\/p>\n\n\n\n<p>\u201cUna noche triste y m\u00e1s preocupante de lo habitual\u201d, fue como la periodista Areli Paz calific\u00f3 a este violento episodio. En este mismo sentido, tambi\u00e9n circularon mensajes que, adem\u00e1s de lamentar el ataque armado, criticaron al gobierno de Andr\u00e9s Manuel L\u00f3pez Obrador, a quien se\u00f1alaron como el responsable de replicar discursos estigmatizantes en contra de la prensa.<\/p>\n\n\n\n<p>La repetici\u00f3n de estos discursos, de acuerdo con especialistas y defensores de los derechos humanos, genera condiciones que perpet\u00faan la violencia.<\/p>\n\n\n\n<p>\u201cImag\u00ednense si nada m\u00e1s escucha uno a Ciro [G\u00f3mez Leyva] o a Loret de Mola o a [Sergio] Sarmiento; no, pues\u2026 Adem\u00e1s, es hasta da\u00f1ino para la salud, o sea, si los escucha uno mucho hasta le puede salir a uno un tumor en el cerebro\u201d, coment\u00f3 el presidente en su conferencia matutina del 14 de diciembre, un d\u00eda antes de la agresi\u00f3n.<\/p>\n\n\n\n<p>Respecto al ataque denunciado por el periodista, la Fiscal\u00eda General de Justicia de la Ciudad de M\u00e9xico (FGJCDMX) inici\u00f3 una carpeta de investigaci\u00f3n. Adem\u00e1s, el secretario de Seguridad Ciudadana (SSC) de la capital, Omar Garc\u00eda Harfuch, se comprometi\u00f3 a esclarecer el caso y capturar a las o los autores del atentado.<\/p>\n\n\n\n<p>\u201cVamos a detener a los responsables y tenga la seguridad que cuenta con todo el respaldo\u201d, escribi\u00f3 el jefe de la polic\u00eda capitalina en sus redes sociales.<\/p>\n\n\n\n<p>Aunado a ello, la jefa de gobierno, Claudia Sheinbaum, reiter\u00f3 su respaldo al periodista e inform\u00f3 que como parte de las indagatorias se revisar\u00edan las c\u00e1maras del Centro de Comando, Control, C\u00f3mputo, Comunicaciones y Contacto Ciudadano de la Ciudad de M\u00e9xico (C5).<\/p>\n\n\n\n<p>(Informaci\u00f3n de Infobae M\u00e9xico)<\/p>\n","protected":false},"excerpt":{"rendered":"<p>Redacci\u00f3n\/Zona Roja Cdmx. Ciudad de M\u00e9xico, a 16 de diciembre de 2022.- Periodistas de M\u00e9xico&hellip;<\/p>\n","protected":false},"author":2,"featured_media":49353,"comment_status":"closed","ping_status":"open","sticky":false,"template":"","format":"standard","meta":{"_lmt_disableupdate":"","_lmt_disable":"","_jetpack_memberships_contains_paid_content":false,"footnotes":""},"categories":[109,47],"tags":[3354],"class_list":["post-49352","post","type-post","status-publish","format-standard","has-post-thumbnail","hentry","category-minuto-a-minuto","category-zona-gris","tag-ciro-gomez-leyva"],"jetpack_featured_media_url":"https:\/\/zonaroja.com.mx\/wp-content\/uploads\/2022\/12\/Ciro-Gomez-Leyva.webp","jetpack_sharing_enabled":true,"_links":{"self":[{"href":"https:\/\/zonaroja.com.mx\/index.php?rest_route=\/wp\/v2\/posts\/49352","targetHints":{"allow":["GET"]}}],"collection":[{"href":"https:\/\/zonaroja.com.mx\/index.php?rest_route=\/wp\/v2\/posts"}],"about":[{"href":"https:\/\/zonaroja.com.mx\/index.php?rest_route=\/wp\/v2\/types\/post"}],"author":[{"embeddable":true,"href":"https:\/\/zonaroja.com.mx\/index.php?rest_route=\/wp\/v2\/users\/2"}],"replies":[{"embeddable":true,"href":"https:\/\/zonaroja.com.mx\/index.php?rest_route=%2Fwp%2Fv2%2Fcomments&post=49352"}],"version-history":[{"count":2,"href":"https:\/\/zonaroja.com.mx\/index.php?rest_route=\/wp\/v2\/posts\/49352\/revisions"}],"predecessor-version":[{"id":49358,"href":"https:\/\/zonaroja.com.mx\/index.php?rest_route=\/wp\/v2\/posts\/49352\/revisions\/49358"}],"wp:featuredmedia":[{"embeddable":true,"href":"https:\/\/zonaroja.com.mx\/index.php?rest_route=\/wp\/v2\/media\/49353"}],"wp:attachment":[{"href":"https:\/\/zonaroja.com.mx\/index.php?rest_route=%2Fwp%2Fv2%2Fmedia&parent=49352"}],"wp:term":[{"taxonomy":"category","embeddable":true,"href":"https:\/\/zonaroja.com.mx\/index.php?rest_route=%2Fwp%2Fv2%2Fcategories&post=49352"},{"taxonomy":"post_tag","embeddable":true,"href":"https:\/\/zonaroja.com.mx\/index.php?rest_route=%2Fwp%2Fv2%2Ftags&post=49352"}],"curies":[{"name":"wp","href":"https:\/\/api.w.org\/{rel}","templated":true}]}}