{"id":49355,"date":"2022-12-16T19:33:50","date_gmt":"2022-12-17T01:33:50","guid":{"rendered":"http:\/\/www.zonaroja.com.mx\/?p=49355"},"modified":"2022-12-16T19:33:51","modified_gmt":"2022-12-17T01:33:51","slug":"denuncian-acoso-a-periodista-soledad-jarquin-por-familiares-de-ex-edil-de-nochixtlan","status":"publish","type":"post","link":"https:\/\/zonaroja.com.mx\/?p=49355","title":{"rendered":"Denuncian acoso a periodista Soledad Jarqu\u00edn, por familiares de ex edil de Nochixtl\u00e1n"},"content":{"rendered":"\n<p>SRedacci\u00f3n\/Zona Roja.<\/p>\n\n\n\n<p>Oaxaca de Ju\u00e1rez, Oax., a 16 de diciembre de 2022.- Comunicadores del pa\u00eds y organismos civiles en defensa de las mujeres condenaron el acoso en contra de la periodista oaxaque\u00f1a Soledad Jarqu\u00edn \u00c9dgar, por parte de familiares de la ex presidenta de Asunci\u00f3n Nochixtl\u00e1n, Lizbeth Victoria Huerta.<\/p>\n\n\n\n<p>A trav\u00e9s de un pronunciamiento dirigido al gobernador Salom\u00f3n Jara Cruz y otras instancias del estado, expusieron que ello se ha dado a ra\u00edz de la cobertura de la reportera al caso de desaparici\u00f3n forzada de Claudia Uruchurtu Cruz.<\/p>\n\n\n\n<p>Detallaron que la primera ocasi\u00f3n que Jarqu\u00edn \u00c9dgar fue confrontada de manera directa se dio la tarde del 1 de diciembre de 2022, afuera del juzgado especializado en materia de justicia para adolescentes de la ciudad de Oaxaca, durante la segunda convocatoria para la lectura de sentencia en contra de las y los presuntos responsables de este delito.<\/p>\n\n\n\n<p>La segunda vez ocurri\u00f3 el 7 de diciembre, tambi\u00e9n afuera del mencionado juzgado, durante la tercera y \u00faltima convocatoria para la lectura de la sentencia, Soledad fue fotografiada con el personal de seguridad que la acompa\u00f1a por las medidas cautelares que tiene, sin su consentimiento y sin saber con qu\u00e9 fines.<\/p>\n\n\n\n<p>La tercera fue el pasado 13 de diciembre a trav\u00e9s de su cuenta en Facebook, en la que le dejaron mensajes que buscan cuestionar la credibilidad de nuestra colega.<\/p>\n\n\n\n<p>\u201cComo periodistas, condenamos cualquier acto que busque coartar la libertad del ejercicio period\u00edstico y convocamos a la familia de la expresidenta a buscar las v\u00edas adecuadas para hacerse escuchar, pues los actos citados representan una afrenta a la libertad de expresi\u00f3n y una alerta de riesgo a la integridad, no solo de nuestra compa\u00f1era, sino de cualquiera de quienes hemos dado seguimiento al caso Uruchurtu\u201d, expusieron.<\/p>\n\n\n\n<p>Demandaron atenci\u00f3n a este tipo de actos a los organismos defensores de derechos humanos y a las autoridades del estado y del pa\u00eds; adem\u00e1s, exigieron que cese del hostigamiento hacia Soledad Jarqu\u00edn Edgar; de igual manera pidieron garant\u00edas para el pleno ejercicio period\u00edstico.<\/p>\n","protected":false},"excerpt":{"rendered":"<p>SRedacci\u00f3n\/Zona Roja. Oaxaca de Ju\u00e1rez, Oax., a 16 de diciembre de 2022.- Comunicadores del pa\u00eds&hellip;<\/p>\n","protected":false},"author":2,"featured_media":12275,"comment_status":"closed","ping_status":"open","sticky":false,"template":"","format":"standard","meta":{"_lmt_disableupdate":"","_lmt_disable":"","_jetpack_memberships_contains_paid_content":false,"footnotes":""},"categories":[109,46],"tags":[1105],"class_list":["post-49355","post","type-post","status-publish","format-standard","has-post-thumbnail","hentry","category-minuto-a-minuto","category-zona-blanca","tag-soledad-jarquin-edgar"],"jetpack_featured_media_url":"https:\/\/zonaroja.com.mx\/wp-content\/uploads\/2020\/05\/Soledad-Jarqu\u00edn.jpg","jetpack_sharing_enabled":true,"_links":{"self":[{"href":"https:\/\/zonaroja.com.mx\/index.php?rest_route=\/wp\/v2\/posts\/49355","targetHints":{"allow":["GET"]}}],"collection":[{"href":"https:\/\/zonaroja.com.mx\/index.php?rest_route=\/wp\/v2\/posts"}],"about":[{"href":"https:\/\/zonaroja.com.mx\/index.php?rest_route=\/wp\/v2\/types\/post"}],"author":[{"embeddable":true,"href":"https:\/\/zonaroja.com.mx\/index.php?rest_route=\/wp\/v2\/users\/2"}],"replies":[{"embeddable":true,"href":"https:\/\/zonaroja.com.mx\/index.php?rest_route=%2Fwp%2Fv2%2Fcomments&post=49355"}],"version-history":[{"count":1,"href":"https:\/\/zonaroja.com.mx\/index.php?rest_route=\/wp\/v2\/posts\/49355\/revisions"}],"predecessor-version":[{"id":49356,"href":"https:\/\/zonaroja.com.mx\/index.php?rest_route=\/wp\/v2\/posts\/49355\/revisions\/49356"}],"wp:featuredmedia":[{"embeddable":true,"href":"https:\/\/zonaroja.com.mx\/index.php?rest_route=\/wp\/v2\/media\/12275"}],"wp:attachment":[{"href":"https:\/\/zonaroja.com.mx\/index.php?rest_route=%2Fwp%2Fv2%2Fmedia&parent=49355"}],"wp:term":[{"taxonomy":"category","embeddable":true,"href":"https:\/\/zonaroja.com.mx\/index.php?rest_route=%2Fwp%2Fv2%2Fcategories&post=49355"},{"taxonomy":"post_tag","embeddable":true,"href":"https:\/\/zonaroja.com.mx\/index.php?rest_route=%2Fwp%2Fv2%2Ftags&post=49355"}],"curies":[{"name":"wp","href":"https:\/\/api.w.org\/{rel}","templated":true}]}}