{"id":49363,"date":"2022-12-16T22:31:05","date_gmt":"2022-12-17T04:31:05","guid":{"rendered":"http:\/\/www.zonaroja.com.mx\/?p=49363"},"modified":"2022-12-16T22:31:07","modified_gmt":"2022-12-17T04:31:07","slug":"emilio-montero-realiza-designaciones-en-el-ieepo-sin-consultar-a-la-seccion-22","status":"publish","type":"post","link":"https:\/\/zonaroja.com.mx\/?p=49363","title":{"rendered":"Emilio Montero realiza designaciones en el IEEPO sin consultar a la Secci\u00f3n 22"},"content":{"rendered":"\n<p>Ismael Garc\u00eda M.\/Zona Roja.<\/p>\n\n\n\n<p>Oaxaca de Ju\u00e1rez, Oax., a 16 de diciembre de 2022.- La Secci\u00f3n 22 del Sindicato Nacional de Trabajadores de la Educaci\u00f3n exigi\u00f3 al director del Instituto Estatal de Educaci\u00f3n P\u00fablica de Oaxaca, Emilio Montero P\u00e9rez, dejar de hacer designaci\u00f3n de funcionarios provenientes del magisterio, sin aval de los maestros.<\/p>\n\n\n\n<p>\u201cManifestamos como MDTEO (Movimiento Democr\u00e1tico de los Trabajadores de la Educaci\u00f3n de Oaxaca) que los \u00fanicos espacios administrativos y pedag\u00f3gicos que se exigen su reconocimiento son los que han sido nombrados democr\u00e1ticamente por la base trabajadora.<\/p>\n\n\n\n<p>\u201cCumpliendo los requisitos, perfiles, plan y proyecto, para esos espacios, por lo que nos deslindamos y exigimos la salida inmediata del IEEPO de todos aquellos personajes que a nombre del movimiento est\u00e1n siendo nombrados dentro de la estructura del Instituto\u201d.<\/p>\n\n\n\n<p>As\u00ed lo manifest\u00f3 la representante del Comit\u00e9 Ejecutivo Seccional, profesora Mar\u00eda de Lourdes Garc\u00eda L\u00f3pez, al encabezar el mitin de la gremial, tras la marcha realizada este viernes para conmemorar el 43 aniversario de su movimiento democr\u00e1tico.<\/p>\n\n\n\n<p>\u201cHacemos una exigencia el gobierno sobre la bilateralidad como el nuevo comit\u00e9 ejecutivo y que se establezcan las subcomisiones mixtas con los diversos niveles para la resoluci\u00f3n&nbsp;<\/p>\n\n\n\n<p>\u201cComo magisterio democr\u00e1tico de la Secci\u00f3n 22 estaremos vigilantes de las respuestas que este gobierno estatal pueda dar a las demandas centrales del MDTEO, as\u00ed como a las pol\u00edticas p\u00fablicas que se pretendan implementar y que laceren los derechos de la clase trabajadora.<\/p>\n\n\n\n<figure class=\"wp-block-embed is-type-rich is-provider-twitter wp-block-embed-twitter\"><div class=\"wp-block-embed__wrapper\">\n<div class=\"twitter-tweet\"><blockquote class=\"twitter-tweet\" data-lang=\"es\"><p lang=\"es\" dir=\"ltr\">Estas son las demandas de la Secci\u00f3n 22 del SNTE a los gobiernos estatal y federal, le\u00eddas hoy en mitin en la capital.<br>En particular, al <a href=\"https:\/\/twitter.com\/IEEPOGobOax?ref_src=twsrc%5Etfw\">@IEEPOGobOax<\/a> le pide suspender designaci\u00f3n de funcionarios surgidos del gremio, pues no cuentan con el aval del movimiento democr\u00e1tico. <a href=\"https:\/\/t.co\/GwEnQXwmbK\">pic.twitter.com\/GwEnQXwmbK<\/a><\/p>&mdash; Zona Roja Oaxaca (@ZonaRoja_Oaxaca) <a href=\"https:\/\/twitter.com\/ZonaRoja_Oaxaca\/status\/1603891665621630977?ref_src=twsrc%5Etfw\">16 de diciembre de 2022<\/a><\/blockquote><\/div>\n<\/div><\/figure>\n\n\n\n<p>\u201cEstaremos haciendo el llamado a la organizaci\u00f3n y a la lucha por los derechos a recibir una educaci\u00f3n p\u00fablica, laica y gratuito y a la defensa de los derechos sindicales, as\u00ed como del territorio y recursos naturales de los pueblos originarios\u201d, dijo en su mensaje desde el kiosco del z\u00f3calo capitalino.<\/p>\n\n\n\n<p>Entre otras, detall\u00f3 las demandas centrales de los gremios aglutinados en la Coordinadora Nacional de Trabajadores de la Educaci\u00f3n, como son el restablecimiento inmediato de la mesa de negociaci\u00f3n con el gobierno federal, para resolver diversas demandas, centrales.<\/p>\n\n\n\n<p>Entre ellas \u201cla reparaci\u00f3n de da\u00f1os\u201d por la aplicaci\u00f3n de la \u201cmal llamada reforma educativa\u201d de Enrique Pe\u00f1a Nieto; la eliminaci\u00f3n del r\u00e9gimen de excepci\u00f3n laboral establecida en el Art\u00edculo 3 de la Constituci\u00f3n y que se instrumenta en la USICAM.<\/p>\n\n\n\n<p>La abrogaci\u00f3n de la ley del ISSSTE del 2017; la eliminaci\u00f3n del uso de la UMA para el pago digno de las pensiones de los jubilados; la contrataci\u00f3n inmediata de todos los egresados normalistas y alto a la represi\u00f3n de estudiantes, campesinos y trabajadores.<\/p>\n\n\n\n<p>\u201cComo magisterio democr\u00e1tico de la Secci\u00f3n 22, nuestra demanda central es emisi\u00f3n de la toma de nota al nuevo comit\u00e9 seccional\u201d; el restablecimiento de la bilateralidad entre el gobierno y la nueva dirigencia.<\/p>\n\n\n\n<p>As\u00ed como la instalaci\u00f3n de la subcomisi\u00f3n mixta de escalaf\u00f3n, el reconocimiento del PTEO como proyecto educativo regional y la abrogaci\u00f3n del decreto del 2015 as\u00ed como la soluci\u00f3n a las incidencias administrativas pendientes.<\/p>\n\n\n\n<p>En tanto, la mayor\u00eda de los integrantes del Comit\u00e9 Ejecutivo Seccional, encabezada por la secretaria General Yenny Aracely P\u00e9rez, acudieron a la Ciudad de M\u00e9xico a una reuni\u00f3n con el secretario de Gobernaci\u00f3n, Ad\u00e1n Augusto L\u00f3pez, donde obtuvieron el compromiso de ser respaldados para obtener la toma de nota por parte del Sindicato Nacional de Trabajadores de la Educaci\u00f3n.<\/p>\n\n\n\n<figure class=\"wp-block-embed is-type-rich is-provider-twitter wp-block-embed-twitter\"><div class=\"wp-block-embed__wrapper\">\n<div class=\"twitter-tweet\"><blockquote class=\"twitter-tweet\" data-lang=\"es\"><p lang=\"es\" dir=\"ltr\"><a href=\"https:\/\/twitter.com\/hashtag\/%C3%9AltimoMinuto?src=hash&amp;ref_src=twsrc%5Etfw\">#\u00daltimoMinuto<\/a> <br>Termina reuni\u00f3n de la CNTE con titular de <a href=\"https:\/\/twitter.com\/SEGOB_mx?ref_src=twsrc%5Etfw\">@SEGOB_mx<\/a> en Cdmx.<br>La Secci\u00f3n 22 informa que <a href=\"https:\/\/twitter.com\/adan_augusto?ref_src=twsrc%5Etfw\">@adan_augusto<\/a> se comprometi\u00f3 a acompa\u00f1ar la gesti\u00f3n para la toma de nota de la nueva dirigencia. <br>En caso contrario, \u201cnos reservamos el derecho de accionar\u201d: Yenny Aracely P\u00e9rez. <a href=\"https:\/\/t.co\/AGSaXlW4gi\">pic.twitter.com\/AGSaXlW4gi<\/a><\/p>&mdash; Zona Roja Oaxaca (@ZonaRoja_Oaxaca) <a href=\"https:\/\/twitter.com\/ZonaRoja_Oaxaca\/status\/1603935724021387265?ref_src=twsrc%5Etfw\">17 de diciembre de 2022<\/a><\/blockquote><\/div>\n<\/div><\/figure>\n","protected":false},"excerpt":{"rendered":"<p>Ismael Garc\u00eda M.\/Zona Roja. Oaxaca de Ju\u00e1rez, Oax., a 16 de diciembre de 2022.- La&hellip;<\/p>\n","protected":false},"author":2,"featured_media":49364,"comment_status":"closed","ping_status":"open","sticky":false,"template":"","format":"standard","meta":{"_lmt_disableupdate":"","_lmt_disable":"","_jetpack_memberships_contains_paid_content":false,"footnotes":""},"categories":[109,47],"tags":[312],"class_list":["post-49363","post","type-post","status-publish","format-standard","has-post-thumbnail","hentry","category-minuto-a-minuto","category-zona-gris","tag-seccion-22-del-snte"],"jetpack_featured_media_url":"https:\/\/zonaroja.com.mx\/wp-content\/uploads\/2022\/12\/Marcha-Seccion-22-43-anos-CNTE-1.jpg","jetpack_sharing_enabled":true,"_links":{"self":[{"href":"https:\/\/zonaroja.com.mx\/index.php?rest_route=\/wp\/v2\/posts\/49363","targetHints":{"allow":["GET"]}}],"collection":[{"href":"https:\/\/zonaroja.com.mx\/index.php?rest_route=\/wp\/v2\/posts"}],"about":[{"href":"https:\/\/zonaroja.com.mx\/index.php?rest_route=\/wp\/v2\/types\/post"}],"author":[{"embeddable":true,"href":"https:\/\/zonaroja.com.mx\/index.php?rest_route=\/wp\/v2\/users\/2"}],"replies":[{"embeddable":true,"href":"https:\/\/zonaroja.com.mx\/index.php?rest_route=%2Fwp%2Fv2%2Fcomments&post=49363"}],"version-history":[{"count":1,"href":"https:\/\/zonaroja.com.mx\/index.php?rest_route=\/wp\/v2\/posts\/49363\/revisions"}],"predecessor-version":[{"id":49365,"href":"https:\/\/zonaroja.com.mx\/index.php?rest_route=\/wp\/v2\/posts\/49363\/revisions\/49365"}],"wp:featuredmedia":[{"embeddable":true,"href":"https:\/\/zonaroja.com.mx\/index.php?rest_route=\/wp\/v2\/media\/49364"}],"wp:attachment":[{"href":"https:\/\/zonaroja.com.mx\/index.php?rest_route=%2Fwp%2Fv2%2Fmedia&parent=49363"}],"wp:term":[{"taxonomy":"category","embeddable":true,"href":"https:\/\/zonaroja.com.mx\/index.php?rest_route=%2Fwp%2Fv2%2Fcategories&post=49363"},{"taxonomy":"post_tag","embeddable":true,"href":"https:\/\/zonaroja.com.mx\/index.php?rest_route=%2Fwp%2Fv2%2Ftags&post=49363"}],"curies":[{"name":"wp","href":"https:\/\/api.w.org\/{rel}","templated":true}]}}