{"id":49366,"date":"2022-12-17T10:08:00","date_gmt":"2022-12-17T16:08:00","guid":{"rendered":"http:\/\/www.zonaroja.com.mx\/?p=49366"},"modified":"2022-12-17T06:48:16","modified_gmt":"2022-12-17T12:48:16","slug":"coronel-no-ha-muerto-pero-no-aparece-lo-habria-secuestrado-cjng","status":"publish","type":"post","link":"https:\/\/zonaroja.com.mx\/?p=49366","title":{"rendered":"Coronel no ha muerto pero no aparece; lo habr\u00eda secuestrado CJNG"},"content":{"rendered":"\n<p>Redacci\u00f3n\/Zona Roja Cdmx.<\/p>\n\n\n\n<p>Ciudad de M\u00e9xico, a 17 de diciembre de 2022.- El Coronel del Ej\u00e9rcito Mexicano Jos\u00e9 Isidro Grimaldo Mu\u00f1oz no ha muerto pero tampoco ha sido localizado; lo habr\u00eda secuestrado el C\u00e1rtel Jalisco Nueva Generaci\u00f3n (CJNG), confirm\u00f3 la Secretar\u00eda de la Defensa Nacional.<\/p>\n\n\n\n<p>Habr\u00eda sido el mando regional identificado como \u201cCR\u201d quien plagi\u00f3 al mando militar el pasado 10 de diciembre, en Tapalpa, Jalisco.<\/p>\n\n\n\n<p>El General Cris\u00f3foro Mart\u00ednez Parra, comandante de la 15 Zona Militar, la Sedena, solicit\u00f3 la colaboraci\u00f3n de la ciudadan\u00eda para localizarlo.<\/p>\n\n\n\n<p>De acuerdo con detalles que ofreci\u00f3, el Coronel Grimaldo Mu\u00f1oz estaba en su periodo vacacional cuando fue interceptado por dos unidades con hombres armados que fingieron un incidente de tr\u00e1nsito y lo plagiaron con violencia, sin que hasta ahora se sepa su paradero.&nbsp;<\/p>\n\n\n\n<p>\u201cEn un acto por dem\u00e1s cobarde fue objeto de la violencia de un grupo de delincuentes del CJNG, encabezados por el jefe regional de Tapalpa, que responde al alias de \u2018CR\u2019, cuya identidad, lugares que frecuenta y \u00e1rea de influencia es conocida.<\/p>\n\n\n\n<p>\u201cCon datos recabados de integrantes del CJNG y otras fuentes, se ha logrado establecer un per\u00edmetro definido dentro del cual, muy probablemente, haya sido trasladado y hacia donde orientamos nuestros esfuerzos de b\u00fasqueda\u201d, dijo.<\/p>\n\n\n\n<p>Grimaldo Mu\u00f1oz se desempe\u00f1aba como comandante de una corporaci\u00f3n en la frontera norte, donde se ha destacado por los resultados sobresalientes a favor de la seguridad de la sociedad mexicana.<\/p>\n\n\n\n<p>\u201cEsta reprobable acci\u00f3n la llevaron a cabo integrantes del CJNG de manera premeditada, aprovech\u00e1ndose de la condici\u00f3n indefensa del coronel Grimaldo\u201d, expuso ayer.<\/p>\n\n\n\n<p>Indic\u00f3 que el Ej\u00e9rcito Mexicano, Fuerza A\u00e9rea Mexicana, Guardia Nacional y dem\u00e1s instituciones de seguridad de los tres \u00e1mbitos de gobierno, enfocan todos sus recursos humanos, materiales y tecnol\u00f3gicos, incrementando significativamente sus efectivos, para lograr la localizaci\u00f3n y recuperaci\u00f3n con vida del Coronel.<\/p>\n\n\n\n<p>Inicialmente, medios locales del estado de Jalisco hab\u00edan dado a conocer que mando del Ej\u00e9rcito Mexicano hab\u00eda sido emboscado y asesinado a balazos, lo cual fue desmentido por autoridades federales.<\/p>\n\n\n\n<p>(Con informaci\u00f3n de \u201cLa Jornada\u201d)<\/p>\n","protected":false},"excerpt":{"rendered":"<p>Redacci\u00f3n\/Zona Roja Cdmx. Ciudad de M\u00e9xico, a 17 de diciembre de 2022.- El Coronel del&hellip;<\/p>\n","protected":false},"author":2,"featured_media":49291,"comment_status":"closed","ping_status":"open","sticky":false,"template":"","format":"standard","meta":{"_lmt_disableupdate":"","_lmt_disable":"","_jetpack_memberships_contains_paid_content":false,"footnotes":""},"categories":[109,47],"tags":[3352],"class_list":["post-49366","post","type-post","status-publish","format-standard","has-post-thumbnail","hentry","category-minuto-a-minuto","category-zona-gris","tag-jose-isidro-grimaldo-munoz"],"jetpack_featured_media_url":"https:\/\/zonaroja.com.mx\/wp-content\/uploads\/2022\/12\/Coronel-Jose-Isidro-Grimaldo.jpeg","jetpack_sharing_enabled":true,"_links":{"self":[{"href":"https:\/\/zonaroja.com.mx\/index.php?rest_route=\/wp\/v2\/posts\/49366","targetHints":{"allow":["GET"]}}],"collection":[{"href":"https:\/\/zonaroja.com.mx\/index.php?rest_route=\/wp\/v2\/posts"}],"about":[{"href":"https:\/\/zonaroja.com.mx\/index.php?rest_route=\/wp\/v2\/types\/post"}],"author":[{"embeddable":true,"href":"https:\/\/zonaroja.com.mx\/index.php?rest_route=\/wp\/v2\/users\/2"}],"replies":[{"embeddable":true,"href":"https:\/\/zonaroja.com.mx\/index.php?rest_route=%2Fwp%2Fv2%2Fcomments&post=49366"}],"version-history":[{"count":1,"href":"https:\/\/zonaroja.com.mx\/index.php?rest_route=\/wp\/v2\/posts\/49366\/revisions"}],"predecessor-version":[{"id":49367,"href":"https:\/\/zonaroja.com.mx\/index.php?rest_route=\/wp\/v2\/posts\/49366\/revisions\/49367"}],"wp:featuredmedia":[{"embeddable":true,"href":"https:\/\/zonaroja.com.mx\/index.php?rest_route=\/wp\/v2\/media\/49291"}],"wp:attachment":[{"href":"https:\/\/zonaroja.com.mx\/index.php?rest_route=%2Fwp%2Fv2%2Fmedia&parent=49366"}],"wp:term":[{"taxonomy":"category","embeddable":true,"href":"https:\/\/zonaroja.com.mx\/index.php?rest_route=%2Fwp%2Fv2%2Fcategories&post=49366"},{"taxonomy":"post_tag","embeddable":true,"href":"https:\/\/zonaroja.com.mx\/index.php?rest_route=%2Fwp%2Fv2%2Ftags&post=49366"}],"curies":[{"name":"wp","href":"https:\/\/api.w.org\/{rel}","templated":true}]}}