{"id":49368,"date":"2022-12-17T08:49:00","date_gmt":"2022-12-17T14:49:00","guid":{"rendered":"http:\/\/www.zonaroja.com.mx\/?p=49368"},"modified":"2022-12-17T06:53:55","modified_gmt":"2022-12-17T12:53:55","slug":"imparables-muertes-por-meningitis-en-durango-van-26-decesos","status":"publish","type":"post","link":"https:\/\/zonaroja.com.mx\/?p=49368","title":{"rendered":"Imparables muertes por meningitis en Durango; van 26 decesos"},"content":{"rendered":"\n<p>Redacci\u00f3n\/Zona Roja Cdmx.<\/p>\n\n\n\n<p>Ciudad de M\u00e9xico, a 17 de diciembre de 2022.- Este viernes, una joven de 30 a\u00f1os de edad perdi\u00f3 la vida a causa de meningitis mic\u00f3tica, enfermedad que ya ha causado la muerte de 26 personas en Durango, 25 mujeres y un hombre desde el 1 de noviembre a la fecha, as\u00ed inform\u00f3 la Secretar\u00eda de Salud del estado.<\/p>\n\n\n\n<p>Asimismo, de los m\u00e1s de mil 800 posibles casos, uno de ellos ya fue confirmado y actualmente suman 74 pacientes con diagn\u00f3stico positivo.<\/p>\n\n\n\n<p>Todos las personas afectadas fueron sometidas a un procedimiento anest\u00e9sico similar luego de haber sido intervenidos quir\u00fargicamente en uno de los cuatro hospitales particulares que a la fecha permanecen clausurados.<\/p>\n\n\n\n<p>De acuerdo con el subdirector m\u00e9dico del Hospital General 450, el m\u00e9dico Hugo Almonte de Le\u00f3n, subi\u00f3 a 12 el n\u00famero de pacientes que han recibido el alta hospitalaria tras responder positivamente al tratamiento y en estos momentos se encuentran con vigilancia domiciliaria.<\/p>\n\n\n\n<p>Record\u00f3 que tres de las pacientes fueron turnadas al Instituto Nacional de Neurolog\u00eda en la Ciudad de M\u00e9xico para ser intervenidas luego de detectar alguna anomal\u00eda que deb\u00eda ser tratada de manera preventiva, todas ellas tienen un estado de salud estable.<\/p>\n\n\n\n<p>\u201cEl sector salud mantiene seguimiento en domicilio a trav\u00e9s de brigadas m\u00e9dicas y por v\u00eda telef\u00f3nica a todos los posibles casos atendidos en los hospitales involucrados de junio a la fecha con el objetivo de detectar de manera oportuna e iniciar tratamiento de inmediato a quienes as\u00ed lo ameriten\u201d, coment\u00f3.<\/p>\n\n\n\n<p>Por su parte, el coordinador especial de v\u00edctimas de meningitis y familiares, David Pay\u00e1n, inform\u00f3 que ya se han atendido a 534 personas afectadas luego de la valoraci\u00f3n protocolaria, asimismo se han entregado 299 apoyos en pa\u00f1ales y leche, adem\u00e1s de 165 de transporte gratuito.<\/p>\n\n\n\n<p>Ya son 20 los apoyos funerarios entregados para el apoyo de las familias, adem\u00e1s de los familiares que se encuentran en Ciudad de M\u00e9xico y Torre\u00f3n con pacientes hospitalizados por esta causa.<\/p>\n\n\n\n<p>(Informaci\u00f3n de \u201cEl Sol de M\u00e9xico\u201d)<\/p>\n","protected":false},"excerpt":{"rendered":"<p>Redacci\u00f3n\/Zona Roja Cdmx. Ciudad de M\u00e9xico, a 17 de diciembre de 2022.- Este viernes, una&hellip;<\/p>\n","protected":false},"author":2,"featured_media":49370,"comment_status":"closed","ping_status":"open","sticky":false,"template":"","format":"standard","meta":{"_lmt_disableupdate":"","_lmt_disable":"","_jetpack_memberships_contains_paid_content":false,"footnotes":""},"categories":[109,47],"tags":[3316],"class_list":["post-49368","post","type-post","status-publish","format-standard","has-post-thumbnail","hentry","category-minuto-a-minuto","category-zona-gris","tag-meningitis-durango"],"jetpack_featured_media_url":"https:\/\/zonaroja.com.mx\/wp-content\/uploads\/2022\/12\/Meningitis-hospital-Durango.jpeg","jetpack_sharing_enabled":true,"_links":{"self":[{"href":"https:\/\/zonaroja.com.mx\/index.php?rest_route=\/wp\/v2\/posts\/49368","targetHints":{"allow":["GET"]}}],"collection":[{"href":"https:\/\/zonaroja.com.mx\/index.php?rest_route=\/wp\/v2\/posts"}],"about":[{"href":"https:\/\/zonaroja.com.mx\/index.php?rest_route=\/wp\/v2\/types\/post"}],"author":[{"embeddable":true,"href":"https:\/\/zonaroja.com.mx\/index.php?rest_route=\/wp\/v2\/users\/2"}],"replies":[{"embeddable":true,"href":"https:\/\/zonaroja.com.mx\/index.php?rest_route=%2Fwp%2Fv2%2Fcomments&post=49368"}],"version-history":[{"count":1,"href":"https:\/\/zonaroja.com.mx\/index.php?rest_route=\/wp\/v2\/posts\/49368\/revisions"}],"predecessor-version":[{"id":49371,"href":"https:\/\/zonaroja.com.mx\/index.php?rest_route=\/wp\/v2\/posts\/49368\/revisions\/49371"}],"wp:featuredmedia":[{"embeddable":true,"href":"https:\/\/zonaroja.com.mx\/index.php?rest_route=\/wp\/v2\/media\/49370"}],"wp:attachment":[{"href":"https:\/\/zonaroja.com.mx\/index.php?rest_route=%2Fwp%2Fv2%2Fmedia&parent=49368"}],"wp:term":[{"taxonomy":"category","embeddable":true,"href":"https:\/\/zonaroja.com.mx\/index.php?rest_route=%2Fwp%2Fv2%2Fcategories&post=49368"},{"taxonomy":"post_tag","embeddable":true,"href":"https:\/\/zonaroja.com.mx\/index.php?rest_route=%2Fwp%2Fv2%2Ftags&post=49368"}],"curies":[{"name":"wp","href":"https:\/\/api.w.org\/{rel}","templated":true}]}}