{"id":4937,"date":"2019-10-18T16:38:31","date_gmt":"2019-10-18T21:38:31","guid":{"rendered":"http:\/\/www.zonaroja.com.mx\/?p=4937"},"modified":"2019-10-18T16:38:35","modified_gmt":"2019-10-18T21:38:35","slug":"familia-de-el-chapo-agradece-a-amlo-liberacion-es-un-presidente-humano","status":"publish","type":"post","link":"https:\/\/zonaroja.com.mx\/?p=4937","title":{"rendered":"Familia de \u2018El Chapo\u2019 agradece a AMLO liberaci\u00f3n; es un \u201cpresidente humano\u201d"},"content":{"rendered":"\n<p>Redacci\u00f3n\/Zona Roja Cdmx.<\/p>\n\n\n\n<p>Ciudad de M\u00e9xico, 18 de octubre de 2019.-\nEn conferencia de prensa, abogados que se dijeron representantes legales de\nJoaqu\u00edn \u201cEl Chapo\u201d Guzm\u00e1n, agradecieron al Presidente Andr\u00e9s Manuel L\u00f3pez\nObrador a nombre de la familia, la liberaci\u00f3n de Ovidio Guzm\u00e1n L\u00f3pez, quien\nayer hab\u00eda sido detenido por fuerzas federales en Culiac\u00e1n, Sinaloa.<\/p>\n\n\n\n<p>Ahora, Mar\u00eda Consuelo, la madre del\nnarcotraficante que purga una condena en una prisi\u00f3n de los Estados Unidos de\nNorteam\u00e9rica, mand\u00f3 una carta al mandatario mexicano, en que le pide su\nintervenci\u00f3n para que su hijo, \u201cEl Chapo\u201d, sea extraditado a M\u00e9xico y que en\ntanto a ella se le extienda una visa humanitaria para visitar al capo.<\/p>\n\n\n\n<p>En el Club de Periodistas de M\u00e9xico, el\nabogado Jos\u00e9 Luis Gonz\u00e1lez Meza afirm\u00f3 que tras el operativo que desat\u00f3 la\nviolencia en la capital sinaloense, Guzm\u00e1n L\u00f3pez fue puesto en libertad a las\n20:00 horas y se comunic\u00f3 con su familia.<\/p>\n\n\n\n<p>Seg\u00fan el litigante, \u00e9l y su colega Juan Pablo Badillo Soto fueron notificados de la detenci\u00f3n y alrededor de las 17:00 horas ya ten\u00edan listo un amparo para buscar su liberaci\u00f3n, no obstante, ya no lo interpusieron.<\/p>\n\n\n\n<figure class=\"wp-block-embed-twitter wp-block-embed is-type-rich is-provider-twitter\"><div class=\"wp-block-embed__wrapper\">\n<div class=\"twitter-tweet\"><blockquote class=\"twitter-tweet\" data-lang=\"es\"><p lang=\"es\" dir=\"ltr\"><a href=\"https:\/\/twitter.com\/hashtag\/M%C3%A9xicoRojo?src=hash&amp;ref_src=twsrc%5Etfw\">#M\u00e9xicoRojo<\/a><br>\u201cEl presidente <a href=\"https:\/\/twitter.com\/lopezobrador_?ref_src=twsrc%5Etfw\">@lopezobrador_<\/a> orden\u00f3 que (Ovidio Guzm\u00e1n) se pusiera en inmediata libertad&#8230; eso llen\u00f3 de alegr\u00eda no solamente al entorno familiar, a los abogados por supuesto, y a la opini\u00f3n p\u00fablica nacional e internacional\u201d, declararon hoy abogados de la familia. <a href=\"https:\/\/t.co\/adiPLU6GPX\">pic.twitter.com\/adiPLU6GPX<\/a><\/p>&mdash; Zona Roja Oaxaca (@MexRoja) <a href=\"https:\/\/twitter.com\/MexRoja\/status\/1185303675662585856?ref_src=twsrc%5Etfw\">18 de octubre de 2019<\/a><\/blockquote><\/div>\n<\/div><\/figure>\n\n\n\n<p>La familia Guzm\u00e1n, agreg\u00f3 Gonz\u00e1lez\nMeza, le mand\u00f3 un mensaje de agradecimiento al presidente Andr\u00e9s Manuel L\u00f3pez\nObrador y a su Gabinete de Seguridad, pues el hijo del capo \u2013quien permanece\nencarcelado en Estados Unidos por cadena perpetua\u2013 recibi\u00f3 un buen trato.<\/p>\n\n\n\n<p>\u201cNo fue torturado, ni venadeado\u201d, dijo.\n\u201cNo fue como en Tlatlaya en el gobierno de Pe\u00f1a Nieto. Nosotros como abogados\nestamos muy agradecidos, tenemos un presidente humano, cristiano, que\nfinalmente no tom\u00f3 la decisi\u00f3n de causarle da\u00f1o a Ovidio\u201d.<\/p>\n\n\n\n<p>A su vez, el abogado Badillo Soto, quien coment\u00f3 que fueron contactados por Armilda y Bernarda Guzm\u00e1n, hermanas de \u201cEl Chapo\u201d, con autorizaci\u00f3n de su madre Mar\u00eda Consuelo, asegur\u00f3 que Ovidio s\u00ed estuvo detenido por cerca de cinco horas.<\/p>\n\n\n\n<figure class=\"wp-block-image\"><img decoding=\"async\" width=\"640\" height=\"360\" src=\"http:\/\/www.zonaroja.com.mx\/wp-content\/uploads\/2019\/10\/Image-1-32.png\" alt=\"\" class=\"wp-image-4938\" srcset=\"https:\/\/zonaroja.com.mx\/wp-content\/uploads\/2019\/10\/Image-1-32.png 640w, https:\/\/zonaroja.com.mx\/wp-content\/uploads\/2019\/10\/Image-1-32-300x169.png 300w, https:\/\/zonaroja.com.mx\/wp-content\/uploads\/2019\/10\/Image-1-32-585x329.png 585w\" sizes=\"(max-width: 640px) 100vw, 640px\" \/><\/figure>\n\n\n\n<p>El defensor se\u00f1al\u00f3 que las fuerzas\nfederales entraron sin orden de aprehensi\u00f3n al domicilio donde estaba el hijo\ndel exl\u00edder del \u201cCartel de Sinaloa\u201d y lo sometieron a un interrogatorio\nprofundo.<\/p>\n\n\n\n<p>\u201cAl no encontrar elementos de delitos\nsuficientes para privarlo de su libertad, entonces lo liberaron\u201d, afirm\u00f3.<\/p>\n\n\n\n<p>Tras mencionar que L\u00f3pez Obrador \u201ccon\ngran sensatez\u201d orden\u00f3 la liberaci\u00f3n, Badillo Soto descart\u00f3 que hubiera una\nnegociaci\u00f3n; adem\u00e1s, dijo que no se mostr\u00f3 ayer ning\u00fan documento referente a\nuna orden de localizaci\u00f3n o presentaci\u00f3n con fines de extradici\u00f3n a Estados\nUnidos.<\/p>\n","protected":false},"excerpt":{"rendered":"<p>Redacci\u00f3n\/Zona Roja Cdmx. Ciudad de M\u00e9xico, 18 de octubre de 2019.- En conferencia de prensa,&hellip;<\/p>\n","protected":false},"author":2,"featured_media":4939,"comment_status":"closed","ping_status":"open","sticky":false,"template":"","format":"standard","meta":{"_lmt_disableupdate":"","_lmt_disable":"","_jetpack_memberships_contains_paid_content":false,"footnotes":""},"categories":[109,47],"tags":[135,887],"class_list":["post-4937","post","type-post","status-publish","format-standard","has-post-thumbnail","hentry","category-minuto-a-minuto","category-zona-gris","tag-culiacan","tag-ovidio-guzman-lopez"],"jetpack_featured_media_url":"https:\/\/zonaroja.com.mx\/wp-content\/uploads\/2019\/10\/Image-1-31.png","jetpack_sharing_enabled":true,"_links":{"self":[{"href":"https:\/\/zonaroja.com.mx\/index.php?rest_route=\/wp\/v2\/posts\/4937","targetHints":{"allow":["GET"]}}],"collection":[{"href":"https:\/\/zonaroja.com.mx\/index.php?rest_route=\/wp\/v2\/posts"}],"about":[{"href":"https:\/\/zonaroja.com.mx\/index.php?rest_route=\/wp\/v2\/types\/post"}],"author":[{"embeddable":true,"href":"https:\/\/zonaroja.com.mx\/index.php?rest_route=\/wp\/v2\/users\/2"}],"replies":[{"embeddable":true,"href":"https:\/\/zonaroja.com.mx\/index.php?rest_route=%2Fwp%2Fv2%2Fcomments&post=4937"}],"version-history":[{"count":1,"href":"https:\/\/zonaroja.com.mx\/index.php?rest_route=\/wp\/v2\/posts\/4937\/revisions"}],"predecessor-version":[{"id":4940,"href":"https:\/\/zonaroja.com.mx\/index.php?rest_route=\/wp\/v2\/posts\/4937\/revisions\/4940"}],"wp:featuredmedia":[{"embeddable":true,"href":"https:\/\/zonaroja.com.mx\/index.php?rest_route=\/wp\/v2\/media\/4939"}],"wp:attachment":[{"href":"https:\/\/zonaroja.com.mx\/index.php?rest_route=%2Fwp%2Fv2%2Fmedia&parent=4937"}],"wp:term":[{"taxonomy":"category","embeddable":true,"href":"https:\/\/zonaroja.com.mx\/index.php?rest_route=%2Fwp%2Fv2%2Fcategories&post=4937"},{"taxonomy":"post_tag","embeddable":true,"href":"https:\/\/zonaroja.com.mx\/index.php?rest_route=%2Fwp%2Fv2%2Ftags&post=4937"}],"curies":[{"name":"wp","href":"https:\/\/api.w.org\/{rel}","templated":true}]}}