{"id":49372,"date":"2022-12-18T08:54:00","date_gmt":"2022-12-18T14:54:00","guid":{"rendered":"http:\/\/www.zonaroja.com.mx\/?p=49372"},"modified":"2022-12-18T06:05:28","modified_gmt":"2022-12-18T12:05:28","slug":"en-un-ano-santa-lucia-del-camino-obtuvo-su-propia-flota-vehicular-para-basura","status":"publish","type":"post","link":"https:\/\/zonaroja.com.mx\/?p=49372","title":{"rendered":"En un a\u00f1o, Santa Luc\u00eda del Camino obtuvo su propia flota vehicular para basura"},"content":{"rendered":"\n<p>Redacci\u00f3n\/Zona Roja.<\/p>\n\n\n\n<p>Oaxaca de Ju\u00e1rez, Oax, a 18 de diciembre de 2022.- \u201cNo se puede gobernar a base de impulsos de una voluntad caprichosa\u201d, reiter\u00f3 el presidente municipal, Juan Carlos Garc\u00eda M\u00e1rquez, al pueblo de Santa Luc\u00eda del Camino, quien en este primer a\u00f1o de trabajo, ha demostrado con hechos este lema.<\/p>\n\n\n\n<p>Ejemplo de ello es que, a inicios del mes de enero, el municipio no ten\u00eda camiones de basura propios. Una empresa due\u00f1a de los camiones, los recogi\u00f3 alegando ser los due\u00f1os.<\/p>\n\n\n\n<p>\u201cUn problema claramente con dolo ya que se nos hab\u00eda dicho que eran de nuestra propiedad, no siendo as\u00ed, afectando directamente a las y los habitantes dej\u00e1ndolos sin este servicio\u201d.<\/p>\n\n\n\n<p>Lejos de buscar excusas, el edil actu\u00f3 de manera inmediata ante esta problem\u00e1tica, para as\u00ed dar soluci\u00f3n al adeudo y tras diversas reuniones, se lleg\u00f3 a un acuerdo de financiamiento y diez d\u00edas despu\u00e9s se reactiv\u00f3 el servicio de manera ininterrumpida hasta el mes de julio.<\/p>\n\n\n\n<p>\u201cPero un problema se avecinaba en los 25 municipios de Valles Centrales por el cierre parcial y total del basurero municipal. Desde un principio nos fue negado el acceso y de manera inmediata tuvimos la disponibilidad de ser parte de la soluci\u00f3n\u201d, dijo.<\/p>\n\n\n\n<p>A la par, se dio inicio a una tarea de reeducaci\u00f3n, \u201cporque el futuro nos hab\u00eda alcanzado y ten\u00edamos que evitar generar m\u00e1s basura; por ello, iniciamos el plan \u2018Cero Basura&#8217;, y este plan es un \u00e9xito gracias a ustedes, reconozco su compromiso y solidaridad que me han demostrado ante esta grave crisis que estamos atravesando y estoy seguro que juntos saldremos adelante\u201d, puntualiz\u00f3 Garc\u00eda M\u00e1rquez.<\/p>\n\n\n\n<figure class=\"wp-block-embed is-type-rich is-provider-twitter wp-block-embed-twitter\"><div class=\"wp-block-embed__wrapper\">\n<div class=\"twitter-tweet\"><blockquote class=\"twitter-tweet\" data-lang=\"es\"><p lang=\"es\" dir=\"ltr\">El pueblo de Santa Luc\u00eda del Camino cuenta con camiones recolectores de basura propios, sin que nadie pueda intentar apropiarse de ellos, inform\u00f3 el presidente municipal <a href=\"https:\/\/twitter.com\/JC_GMarquez?ref_src=twsrc%5Etfw\">@JC_GMarquez<\/a>, quien de inmediato resolvi\u00f3 esta problem\u00e1tica, al iniciar este a\u00f1o. <a href=\"https:\/\/t.co\/fqhRdfa5re\">pic.twitter.com\/fqhRdfa5re<\/a><\/p>&mdash; Zona Roja Oaxaca (@ZonaRoja_Oaxaca) <a href=\"https:\/\/twitter.com\/ZonaRoja_Oaxaca\/status\/1604141217951846400?ref_src=twsrc%5Etfw\">17 de diciembre de 2022<\/a><\/blockquote><\/div>\n<\/div><\/figure>\n\n\n\n<p>OBRA DESATENDIDA<\/p>\n\n\n\n<p>Por otra parte, la falta de atenci\u00f3n por parte de administraciones pasadas y las limitantes en los recursos, han provocado un retraso en las obras que se realizan en Santa Luc\u00eda del Camino.&nbsp;<\/p>\n\n\n\n<p>Sin embargo, en este primer a\u00f1o de trabajo, el presidente municipal Juan Carlos Garc\u00eda M\u00e1rquez ha priorizado los trabajos que requieren de atenci\u00f3n inmediata, atendiendo as\u00ed a las necesidades de las y los ciudadanos.<\/p>\n\n\n\n<p>Una de estas obras ha sido la planta de tratamiento en la agencia de San Francisco Tutla, la cual fue rehabilitada y entregada por el edil de Santa Luc\u00eda del Camino, y que atiende a una problem\u00e1tica que hab\u00eda estado en el olvido, y que adem\u00e1s de beneficiar a la ciudadan\u00eda, se mejorar\u00e1n las condiciones ambientales.<\/p>\n\n\n\n<p>\u201cGracias al trabajo con los habitantes de San Francisco Tutla, y con los recursos que se les asigna en las participaciones, se logr\u00f3 la inversi\u00f3n de un mill\u00f3n 800 mil pesos, de los cuales un mill\u00f3n 100 aportar\u00e1 directamente el ayuntamiento de Santa Luc\u00eda del Camino por parte del Ramo 33, y los 700 mil restantes la agencia\u201d, dijo al respecto el presidente municipal Juan Carlos Garc\u00eda M\u00e1rquez.<\/p>\n\n\n\n<p>El compromiso, se\u00f1al\u00f3 el alcalde de Santa Luc\u00eda del Camino, es gestionar el pr\u00f3ximo a\u00f1o, el recurso necesario para que esta planta de tratamiento funcione en su totalidad y respetando los lineamientos medioambientales actuales, para que as\u00ed esta obra no vuelva a quedar en el abandono.<\/p>\n\n\n\n<p>Finalmente, el presidente municipal agradeci\u00f3 el acompa\u00f1amiento de las autoridades de la agencia de San Francisco Tutla, sus habitantes, las y los concejales de Santa Luc\u00eda del Camino, quienes han permitido y priorizado la apertura del di\u00e1logo para la soluci\u00f3n de cualquier demanda.<\/p>\n","protected":false},"excerpt":{"rendered":"<p>Redacci\u00f3n\/Zona Roja. Oaxaca de Ju\u00e1rez, Oax, a 18 de diciembre de 2022.- \u201cNo se puede&hellip;<\/p>\n","protected":false},"author":2,"featured_media":49374,"comment_status":"closed","ping_status":"open","sticky":false,"template":"","format":"standard","meta":{"_lmt_disableupdate":"","_lmt_disable":"","_jetpack_memberships_contains_paid_content":false,"footnotes":""},"categories":[109,46],"tags":[337],"class_list":["post-49372","post","type-post","status-publish","format-standard","has-post-thumbnail","hentry","category-minuto-a-minuto","category-zona-blanca","tag-santa-lucia-del-camino"],"jetpack_featured_media_url":"https:\/\/zonaroja.com.mx\/wp-content\/uploads\/2022\/12\/Obras-Santa-Lucia-del-Camino.jpg","jetpack_sharing_enabled":true,"_links":{"self":[{"href":"https:\/\/zonaroja.com.mx\/index.php?rest_route=\/wp\/v2\/posts\/49372","targetHints":{"allow":["GET"]}}],"collection":[{"href":"https:\/\/zonaroja.com.mx\/index.php?rest_route=\/wp\/v2\/posts"}],"about":[{"href":"https:\/\/zonaroja.com.mx\/index.php?rest_route=\/wp\/v2\/types\/post"}],"author":[{"embeddable":true,"href":"https:\/\/zonaroja.com.mx\/index.php?rest_route=\/wp\/v2\/users\/2"}],"replies":[{"embeddable":true,"href":"https:\/\/zonaroja.com.mx\/index.php?rest_route=%2Fwp%2Fv2%2Fcomments&post=49372"}],"version-history":[{"count":3,"href":"https:\/\/zonaroja.com.mx\/index.php?rest_route=\/wp\/v2\/posts\/49372\/revisions"}],"predecessor-version":[{"id":49405,"href":"https:\/\/zonaroja.com.mx\/index.php?rest_route=\/wp\/v2\/posts\/49372\/revisions\/49405"}],"wp:featuredmedia":[{"embeddable":true,"href":"https:\/\/zonaroja.com.mx\/index.php?rest_route=\/wp\/v2\/media\/49374"}],"wp:attachment":[{"href":"https:\/\/zonaroja.com.mx\/index.php?rest_route=%2Fwp%2Fv2%2Fmedia&parent=49372"}],"wp:term":[{"taxonomy":"category","embeddable":true,"href":"https:\/\/zonaroja.com.mx\/index.php?rest_route=%2Fwp%2Fv2%2Fcategories&post=49372"},{"taxonomy":"post_tag","embeddable":true,"href":"https:\/\/zonaroja.com.mx\/index.php?rest_route=%2Fwp%2Fv2%2Ftags&post=49372"}],"curies":[{"name":"wp","href":"https:\/\/api.w.org\/{rel}","templated":true}]}}