{"id":49376,"date":"2022-12-17T09:04:00","date_gmt":"2022-12-17T15:04:00","guid":{"rendered":"http:\/\/www.zonaroja.com.mx\/?p=49376"},"modified":"2022-12-17T07:05:48","modified_gmt":"2022-12-17T13:05:48","slug":"revisan-poder-judicial-de-oaxaca-y-la-oit-estrategias-en-justicia-laboral","status":"publish","type":"post","link":"https:\/\/zonaroja.com.mx\/?p=49376","title":{"rendered":"Revisan Poder Judicial de Oaxaca y la OIT estrategias en justicia laboral"},"content":{"rendered":"\n<p>Redacci\u00f3n\/Zona Roja.<\/p>\n\n\n\n<p>Oaxaca de Ju\u00e1rez, Oax., a 17 de diciembre de 2022.- En las acciones de colaboraci\u00f3n conjunta que lleven al&nbsp;fortalecimiento del acceso a la justicia laboral y&nbsp;a&nbsp;reforzar los mecanismos de resoluci\u00f3n de conflictos en este \u00e1mbito, la Organizaci\u00f3n Internacional del Trabajo (OIT) y el Poder Judicial del Estado de Oaxaca sostuvieron una serie de reuniones donde se present\u00f3 y analiz\u00f3&nbsp;el documento \u201cAcceso a la justicia laboral: Autodiagn\u00f3stico de la efectividad de las instituciones de resoluci\u00f3n de conflictos. Una herramienta de diagn\u00f3stico\u201d.&nbsp;<\/p>\n\n\n\n<p>En&nbsp;este marco, el magistrado presidente Eduardo Pinacho S\u00e1nchez&nbsp;celebr\u00f3 la suma de esfuerzos y estrategias institucionales encaminadas a que&nbsp;el&nbsp;sistema de justicia&nbsp;laboral, que en la entidad se puso en marcha el tres de noviembre del 2021,&nbsp;transite y se desarrolle&nbsp;de una manera adecuada como sucede en otras entidades del pa\u00eds, para lo que se requiere del apoyo de instancias federales e internacionales como la OIT.&nbsp;<\/p>\n\n\n\n<p>Durante las reuniones,&nbsp;dirigidas por los facilitadores del organismo especializado de las Naciones Unidas que se ocupa de los asuntos relativos al trabajo y las relaciones laborales, Pablo Arellano y \u00d3scar&nbsp;Baldenebro,&nbsp;con base en los resultados de una autoevaluaci\u00f3n realizada por un grupo de trabajo conformado por personal&nbsp;del Tribunal laboral del Estado, se presentaron una serie de propuestas para el dise\u00f1o de un plan de trabajo&nbsp;bajo&nbsp;los ejes de eficacia, rapidez, rendici\u00f3n de cuentas, accesibilidad, independencia, imparcialidad, equidad, igualdad, profesionalismo y ejecuci\u00f3n.&nbsp;<\/p>\n\n\n\n<p>Entre&nbsp;las iniciativas&nbsp;destacan un sistema digital de gesti\u00f3n de casos en el cual se incluya la firma electr\u00f3nica avanzada para las resoluciones del tribunal y&nbsp;usuarios; desarrollar&nbsp;un mapeo de los procesos de gesti\u00f3n de casos;&nbsp;realizaci\u00f3n de encuestas &nbsp;de satisfacci\u00f3n de los usuarios; mejorar la difusi\u00f3n de informaci\u00f3n acerca de los procesos; proveer capacitaciones peri\u00f3dicas y establecer convenios de colaboraci\u00f3n con otras instituciones que permitan agilizar la ejecuci\u00f3n de sentencias.&nbsp;<\/p>\n\n\n\n<p>Participaron en las&nbsp;diferentes&nbsp;mesas de trabajo,&nbsp;el consejero Amado G\u00f3mez&nbsp;G\u00f3mez,&nbsp;el secretario ejecutivo del Consejo de la Judicatura, Jes\u00fas Ezequiel Garc\u00eda L\u00f3pez, directores de diferentes \u00e1reas, jueces especializados en materia laboral y responsables de los sistemas de estad\u00edsticas e inform\u00e1tica, entre&nbsp;otros.<\/p>\n","protected":false},"excerpt":{"rendered":"<p>Redacci\u00f3n\/Zona Roja. Oaxaca de Ju\u00e1rez, Oax., a 17 de diciembre de 2022.- En las acciones&hellip;<\/p>\n","protected":false},"author":2,"featured_media":49373,"comment_status":"closed","ping_status":"open","sticky":false,"template":"","format":"standard","meta":{"_lmt_disableupdate":"","_lmt_disable":"","_jetpack_memberships_contains_paid_content":false,"footnotes":""},"categories":[109,46],"tags":[223],"class_list":["post-49376","post","type-post","status-publish","format-standard","has-post-thumbnail","hentry","category-minuto-a-minuto","category-zona-blanca","tag-poder-judicial-de-oaxaca"],"jetpack_featured_media_url":"https:\/\/zonaroja.com.mx\/wp-content\/uploads\/2022\/12\/Se-presento-el-documento-Acceso-a-la-justicia-laboral.jpg","jetpack_sharing_enabled":true,"_links":{"self":[{"href":"https:\/\/zonaroja.com.mx\/index.php?rest_route=\/wp\/v2\/posts\/49376","targetHints":{"allow":["GET"]}}],"collection":[{"href":"https:\/\/zonaroja.com.mx\/index.php?rest_route=\/wp\/v2\/posts"}],"about":[{"href":"https:\/\/zonaroja.com.mx\/index.php?rest_route=\/wp\/v2\/types\/post"}],"author":[{"embeddable":true,"href":"https:\/\/zonaroja.com.mx\/index.php?rest_route=\/wp\/v2\/users\/2"}],"replies":[{"embeddable":true,"href":"https:\/\/zonaroja.com.mx\/index.php?rest_route=%2Fwp%2Fv2%2Fcomments&post=49376"}],"version-history":[{"count":1,"href":"https:\/\/zonaroja.com.mx\/index.php?rest_route=\/wp\/v2\/posts\/49376\/revisions"}],"predecessor-version":[{"id":49377,"href":"https:\/\/zonaroja.com.mx\/index.php?rest_route=\/wp\/v2\/posts\/49376\/revisions\/49377"}],"wp:featuredmedia":[{"embeddable":true,"href":"https:\/\/zonaroja.com.mx\/index.php?rest_route=\/wp\/v2\/media\/49373"}],"wp:attachment":[{"href":"https:\/\/zonaroja.com.mx\/index.php?rest_route=%2Fwp%2Fv2%2Fmedia&parent=49376"}],"wp:term":[{"taxonomy":"category","embeddable":true,"href":"https:\/\/zonaroja.com.mx\/index.php?rest_route=%2Fwp%2Fv2%2Fcategories&post=49376"},{"taxonomy":"post_tag","embeddable":true,"href":"https:\/\/zonaroja.com.mx\/index.php?rest_route=%2Fwp%2Fv2%2Ftags&post=49376"}],"curies":[{"name":"wp","href":"https:\/\/api.w.org\/{rel}","templated":true}]}}