{"id":49385,"date":"2022-12-17T07:58:50","date_gmt":"2022-12-17T13:58:50","guid":{"rendered":"http:\/\/www.zonaroja.com.mx\/?p=49385"},"modified":"2022-12-17T07:58:53","modified_gmt":"2022-12-17T13:58:53","slug":"triquis-denuncian-cuarta-primavera-represora-e-inician-huelga","status":"publish","type":"post","link":"https:\/\/zonaroja.com.mx\/?p=49385","title":{"rendered":"Triquis denuncian \u201ccuarta primavera represora\u201d e inician huelga"},"content":{"rendered":"\n<p>Ismael Garc\u00eda M.\/Zona Roja.<\/p>\n\n\n\n<p>Oaxaca de Ju\u00e1rez, Oax., a 17 de diciembre de 2022.- A dos semanas de haber sido desalojados del portal del Palacio de Gobierno de Oaxaca, un grupo de ind\u00edgenas triquis inici\u00f3 anoche una huelga de hambre en el z\u00f3calo de la capital.<\/p>\n\n\n\n<p>Encabezados por Reina Mart\u00ednez Flores, instalaron un campamento con tiendas de campa\u00f1a, donde pernoctaron, para exigir retorno seguro a San Juan Copala, Juxtlahuaca, de donde salieron por violencia hace 12 a\u00f1os.<\/p>\n\n\n\n<p>\u201cCuarta primavera represora. Clasista Salom\u00f3n Jara, Jes\u00fas Romero, Francisco Mart\u00ednez Neri\u201d. \u201cExigimos soluci\u00f3n a la demanda de desplazamiento forzado de San Juan Copala\u201d. \u201cSalom\u00f3n Jara represor, criminaliza, discrimina a los pueblos originarios\u201d, son parte de los mensajes que colocaron en lonas.<\/p>\n\n\n\n<p>Desde la madrugada del 2 de diciembre fueron desalojados con sus puestos de venta de ropa, del portal del Palacio de Gobierno; otro grupo, el que encabeza Lorena Merino, tambi\u00e9n fue retirado de la primera calle de Flores Mag\u00f3n.<\/p>\n\n\n\n<p>Ambos grupos han denunciado nula atenci\u00f3n del gobernador Salom\u00f3n Jara y su secretario de Gobierno, Jes\u00fas Romero L\u00f3pez, as\u00ed como del ayuntamiento que encabeza Francisco Mart\u00ednez Neri.<\/p>\n\n\n\n<p>Asimismo, han coincidido en exigir que les sea devuelta la mercanc\u00eda que les fue \u201crobada\u201d durante el retiro de los puestos.<\/p>\n\n\n\n<p>En tanto, el Gobierno del Estado no ha emitido informaci\u00f3n al respecto, m\u00e1s que mensajes v\u00eda redes sociales en que ha destacado que hay di\u00e1logo.<\/p>\n\n\n\n<p>A su vez, la sociedad oaxaque\u00f1a y los turistas han resaltado el desalojo de puestos ambulantes y campamentos del z\u00f3calo y de la sede del Poder Ejecutivo.<\/p>\n\n\n\n<figure class=\"wp-block-embed is-type-rich is-provider-twitter wp-block-embed-twitter\"><div class=\"wp-block-embed__wrapper\">\n<div class=\"twitter-tweet\"><blockquote class=\"twitter-tweet\" data-lang=\"es\"><p lang=\"es\" dir=\"ltr\"><a href=\"https:\/\/twitter.com\/hashtag\/%C3%9AltimoMinuto?src=hash&amp;ref_src=twsrc%5Etfw\">#\u00daltimoMinuto<\/a><br>Un grupo de ind\u00edgenas triquis que encabeza Reina Mart\u00ednez, inici\u00f3 anoche una huelga de hambre en el z\u00f3calo de la ciudad de Oaxaca para denunciar la nula atenci\u00f3n del gobierno de <a href=\"https:\/\/twitter.com\/salomonj?ref_src=twsrc%5Etfw\">@salomonj<\/a> y de <a href=\"https:\/\/twitter.com\/FMartinezNeri?ref_src=twsrc%5Etfw\">@FMartinezNeri<\/a>, tras el desalojo la madrugada del 2 de diciembre pasado. <a href=\"https:\/\/t.co\/GH89vvHKWl\">pic.twitter.com\/GH89vvHKWl<\/a><\/p>&mdash; Zona Roja Oaxaca (@ZonaRoja_Oaxaca) <a href=\"https:\/\/twitter.com\/ZonaRoja_Oaxaca\/status\/1604108216404697088?ref_src=twsrc%5Etfw\">17 de diciembre de 2022<\/a><\/blockquote><\/div>\n<\/div><\/figure>\n","protected":false},"excerpt":{"rendered":"<p>Ismael Garc\u00eda M.\/Zona Roja. Oaxaca de Ju\u00e1rez, Oax., a 17 de diciembre de 2022.- A&hellip;<\/p>\n","protected":false},"author":2,"featured_media":49387,"comment_status":"closed","ping_status":"open","sticky":false,"template":"","format":"standard","meta":{"_lmt_disableupdate":"","_lmt_disable":"","_jetpack_memberships_contains_paid_content":false,"footnotes":""},"categories":[109,47],"tags":[2037],"class_list":["post-49385","post","type-post","status-publish","format-standard","has-post-thumbnail","hentry","category-minuto-a-minuto","category-zona-gris","tag-indigenas-triquis-copala"],"jetpack_featured_media_url":"https:\/\/zonaroja.com.mx\/wp-content\/uploads\/2022\/12\/Huelga-de-hambre-triquis-Oaxaca.jpg","jetpack_sharing_enabled":true,"_links":{"self":[{"href":"https:\/\/zonaroja.com.mx\/index.php?rest_route=\/wp\/v2\/posts\/49385","targetHints":{"allow":["GET"]}}],"collection":[{"href":"https:\/\/zonaroja.com.mx\/index.php?rest_route=\/wp\/v2\/posts"}],"about":[{"href":"https:\/\/zonaroja.com.mx\/index.php?rest_route=\/wp\/v2\/types\/post"}],"author":[{"embeddable":true,"href":"https:\/\/zonaroja.com.mx\/index.php?rest_route=\/wp\/v2\/users\/2"}],"replies":[{"embeddable":true,"href":"https:\/\/zonaroja.com.mx\/index.php?rest_route=%2Fwp%2Fv2%2Fcomments&post=49385"}],"version-history":[{"count":1,"href":"https:\/\/zonaroja.com.mx\/index.php?rest_route=\/wp\/v2\/posts\/49385\/revisions"}],"predecessor-version":[{"id":49388,"href":"https:\/\/zonaroja.com.mx\/index.php?rest_route=\/wp\/v2\/posts\/49385\/revisions\/49388"}],"wp:featuredmedia":[{"embeddable":true,"href":"https:\/\/zonaroja.com.mx\/index.php?rest_route=\/wp\/v2\/media\/49387"}],"wp:attachment":[{"href":"https:\/\/zonaroja.com.mx\/index.php?rest_route=%2Fwp%2Fv2%2Fmedia&parent=49385"}],"wp:term":[{"taxonomy":"category","embeddable":true,"href":"https:\/\/zonaroja.com.mx\/index.php?rest_route=%2Fwp%2Fv2%2Fcategories&post=49385"},{"taxonomy":"post_tag","embeddable":true,"href":"https:\/\/zonaroja.com.mx\/index.php?rest_route=%2Fwp%2Fv2%2Ftags&post=49385"}],"curies":[{"name":"wp","href":"https:\/\/api.w.org\/{rel}","templated":true}]}}