{"id":49389,"date":"2022-12-17T11:59:00","date_gmt":"2022-12-17T17:59:00","guid":{"rendered":"http:\/\/www.zonaroja.com.mx\/?p=49389"},"modified":"2022-12-17T15:06:50","modified_gmt":"2022-12-17T21:06:50","slug":"pend-7","status":"publish","type":"post","link":"https:\/\/zonaroja.com.mx\/?p=49389","title":{"rendered":"Jueza de Oaxaca repite dosis de impunidad en caso Claudia Uruchurtu y Zayra Leticia"},"content":{"rendered":"\n<p>Yuridiana Sosa\/Zona Roja.<\/p>\n\n\n\n<p>Oaxaca de Ju\u00e1rez, Oax., 17 de diciembre de 2022.- Ante la reconfiguraci\u00f3n del delito para reducci\u00f3n de pena por el caso de Claudia Uruchurtu Cruz a favor de la ex edil de Nochixtl\u00e1n,  Lizbeth V. H., la familia de la v\u00edctima desaparecida exhibi\u00f3 que la jueza responsable es la misma que dej\u00f3 en libertad a implicado en la desaparici\u00f3n de Zayra Morales, en Huajuapan. <\/p>\n\n\n\n<p>Se trata de la jueza del Poder Judicial del Estado de Oaxaca, Mar\u00eda Teresa Quevedo S\u00e1nchez, quien en marzo de este a\u00f1o tambi\u00e9n resolvi\u00f3 contra la justicia para Zayra Leticia Morales Loyola, la v\u00edctima de desaparici\u00f3n desde octubre de 2020, en Huajuapan de Le\u00f3n, de la regi\u00f3n Mixteca, as\u00ed lo denunci\u00f3 la familia Uruchurtu Cruz.&nbsp;<\/p>\n\n\n\n<p>\u201cLa despreciable jueza Mar\u00eda Teresa Quevedo S\u00e1nchez, en complicidad con el magistrado Eduardo Pinacho se han vendido a los caprichos de Salom\u00f3n Jara\u201d, sentenci\u00f3 Sara Uruchurtu, hermana de la desaparecida.&nbsp;<\/p>\n\n\n\n<p>A trav\u00e9s de sus redes sociales, la tambi\u00e9n v\u00edctima colateral del hecho expres\u00f3: \u201cEsta se\u00f1ora hace uso del poder otorgado por el pueblo para liberar criminales.&nbsp; Seguiremos exigiendo justicia y verdad en el caso de mi hermana\u201d.&nbsp;<\/p>\n\n\n\n<p>El cambio del delito de desaparici\u00f3n forzada de personas por el de obstrucci\u00f3n de la justicia para la ex presidenta, del partido Morena, caus\u00f3 que su pena condenatoria se redujera de entre 40 a 60 a\u00f1os a cuatro a\u00f1os y dos meses de prisi\u00f3n. <\/p>\n\n\n\n<p>La familia Uruchurtu Cruz denunci\u00f3 previamente, antes del inicio de la actual administraci\u00f3n de Salom\u00f3n Jara Cruz emanado de Morena, de su temor por la puesta en libertad de la ex edil por la relaci\u00f3n pol\u00edtica.<\/p>\n\n\n\n<p>Por lo que ante la pena condenatoria manifest\u00f3: \u201cQue todo M\u00e9xico se entere del nivel de corrupci\u00f3n entre el Tribunal Superior de Justicia de Oaxaca y el gobernador Salom\u00f3n Jara Cruz. Un crimen cometido por Lizbeth Victoria Huerta, con miembros cercanos de su equipo, el novio y el guardaespaldas, con autos del municipio a su cargo, con ayuda de sus grupos de choque\u201d.<\/p>\n\n\n\n<p>La familia sentenci\u00f3 que continuar\u00e1 en la lucha de la justicia desde el \u00e1mbito federal e internacional.<\/p>\n\n\n\n<p>Incluso, el subsecretario de Seguridad y Protecci\u00f3n Ciudadana, Ricardo Mej\u00eda, durante la conferencia matutina del 15 de diciembre dio a conocer que una juez del Poder Judicial de Oaxaca trat\u00f3 de cambiar el delito de desaparici\u00f3n forzada de personas por desaparici\u00f3n de personas en el caso de Claudia Uruchurtu para disminuir las penas condenatorias a favor Lizbeth V.H.<\/p>\n\n\n\n<p>Ante lo que expres\u00f3 que de concretarse ese cambio ser\u00eda un caso de impunidad.<\/p>\n","protected":false},"excerpt":{"rendered":"<p>Yuridiana Sosa\/Zona Roja. Oaxaca de Ju\u00e1rez, Oax., 17 de diciembre de 2022.- Ante la reconfiguraci\u00f3n&hellip;<\/p>\n","protected":false},"author":2,"featured_media":27305,"comment_status":"closed","ping_status":"open","sticky":false,"template":"","format":"standard","meta":{"_lmt_disableupdate":"","_lmt_disable":"","_jetpack_memberships_contains_paid_content":false,"footnotes":""},"categories":[109,49,47],"tags":[2582],"class_list":["post-49389","post","type-post","status-publish","format-standard","has-post-thumbnail","hentry","category-minuto-a-minuto","category-zona-fresa","category-zona-gris","tag-claudia-uruchurtu-cruz"],"jetpack_featured_media_url":"https:\/\/zonaroja.com.mx\/wp-content\/uploads\/2021\/05\/Hermanas-de-Claudia-Uruchurtu.jpg","jetpack_sharing_enabled":true,"_links":{"self":[{"href":"https:\/\/zonaroja.com.mx\/index.php?rest_route=\/wp\/v2\/posts\/49389","targetHints":{"allow":["GET"]}}],"collection":[{"href":"https:\/\/zonaroja.com.mx\/index.php?rest_route=\/wp\/v2\/posts"}],"about":[{"href":"https:\/\/zonaroja.com.mx\/index.php?rest_route=\/wp\/v2\/types\/post"}],"author":[{"embeddable":true,"href":"https:\/\/zonaroja.com.mx\/index.php?rest_route=\/wp\/v2\/users\/2"}],"replies":[{"embeddable":true,"href":"https:\/\/zonaroja.com.mx\/index.php?rest_route=%2Fwp%2Fv2%2Fcomments&post=49389"}],"version-history":[{"count":2,"href":"https:\/\/zonaroja.com.mx\/index.php?rest_route=\/wp\/v2\/posts\/49389\/revisions"}],"predecessor-version":[{"id":49391,"href":"https:\/\/zonaroja.com.mx\/index.php?rest_route=\/wp\/v2\/posts\/49389\/revisions\/49391"}],"wp:featuredmedia":[{"embeddable":true,"href":"https:\/\/zonaroja.com.mx\/index.php?rest_route=\/wp\/v2\/media\/27305"}],"wp:attachment":[{"href":"https:\/\/zonaroja.com.mx\/index.php?rest_route=%2Fwp%2Fv2%2Fmedia&parent=49389"}],"wp:term":[{"taxonomy":"category","embeddable":true,"href":"https:\/\/zonaroja.com.mx\/index.php?rest_route=%2Fwp%2Fv2%2Fcategories&post=49389"},{"taxonomy":"post_tag","embeddable":true,"href":"https:\/\/zonaroja.com.mx\/index.php?rest_route=%2Fwp%2Fv2%2Ftags&post=49389"}],"curies":[{"name":"wp","href":"https:\/\/api.w.org\/{rel}","templated":true}]}}