{"id":49392,"date":"2022-12-17T15:23:15","date_gmt":"2022-12-17T21:23:15","guid":{"rendered":"http:\/\/www.zonaroja.com.mx\/?p=49392"},"modified":"2022-12-17T15:23:17","modified_gmt":"2022-12-17T21:23:17","slug":"fracasa-primer-dialogo-publico-entre-triquis-desalojados-y-gobierno","status":"publish","type":"post","link":"https:\/\/zonaroja.com.mx\/?p=49392","title":{"rendered":"Fracasa primer di\u00e1logo p\u00fablico entre triquis desalojados y gobierno"},"content":{"rendered":"\n<p>Redacci\u00f3n\/Zona Roja.<\/p>\n\n\n\n<p>Oaxaca de Ju\u00e1rez, Oax., a 17 de diciembre de 2022.- Sin acuerdos concluy\u00f3 la reuni\u00f3n de este s\u00e1bado entre un grupo de ind\u00edgenas triquis desalojados del Palacio de Gobierno y un representante de la Secretar\u00eda de Gobierno de Oaxaca.<\/p>\n\n\n\n<p>Anoche, despu\u00e9s de las 22:00 horas, el grupo que encabeza Reina Mart\u00ednez Flores instal\u00f3 campamentos e inici\u00f3 una huelga de hambre en el z\u00f3calo, frente a la sede del Poder Ejecutivo, para exigir atenci\u00f3n puntual a sus demandas, entre ellas, el retorno seguro a su comunidad de origen, San Juan Copala.<\/p>\n\n\n\n<p>De la misma manera, que se les regrese la mercanc\u00eda que les fue retirada la madrugada del 2 de diciembre pasado, en que se efectu\u00f3 el desalojo de los puestos de venta que ten\u00eda en el corredor exterior del palacio.<\/p>\n\n\n\n<p>Alrededor de las 10:00 horas de hoy arrib\u00f3 al campamento el subsecretario de la Secretar\u00eda de Gobierno, Diego de la Cruz; tras un intercambio de di\u00e1logos, instalaron ah\u00ed mismo una mesa de trabajo.<\/p>\n\n\n\n<p>\u201cEs para resolver de forma pac\u00edfica, segura, digna, voluntaria, ordenada, sostenible y con pertinencia cultural la problem\u00e1tica por la que han atravesado desde hace m\u00e1s de 1o a\u00f1os\u201d, ley\u00f3 el funcionario.<\/p>\n\n\n\n<p>\u201cRespecto del caso de fondo (el retorno seguro a Copala), \u201cestamos convencidos de que se requiere un di\u00e1logo profundo a fin de que la soluci\u00f3n pueda planearse y ejecutarse desde una coordinaci\u00f3n interinstitucional, con los tres \u00f3rdenes de gobierno y grupos que se encuentran involucrados\u201d, abund\u00f3.<\/p>\n\n\n\n<p>Indic\u00f3 que el di\u00e1logo deber\u00e1 cumplir con los principios rectores universales, conforme a los est\u00e1ndares de las Naciones Unidas.<\/p>\n\n\n\n<figure class=\"wp-block-embed is-type-rich is-provider-twitter wp-block-embed-twitter\"><div class=\"wp-block-embed__wrapper\">\n<div class=\"twitter-tweet\"><blockquote class=\"twitter-tweet\" data-lang=\"es\"><p lang=\"es\" dir=\"ltr\"><a href=\"https:\/\/twitter.com\/hashtag\/%C3%9AltimoMinuto?src=hash&amp;ref_src=twsrc%5Etfw\">#\u00daltimoMinuto<\/a><br>Tras amago de \u201cplant\u00f3n\u201d y huelga de hambre indefinidos, titular de la <a href=\"https:\/\/twitter.com\/SE_GobOax?ref_src=twsrc%5Etfw\">@SE_GobOax<\/a>, <a href=\"https:\/\/twitter.com\/jesusromerooax?ref_src=twsrc%5Etfw\">@jesusromerooax<\/a>, env\u00eda a un funcionario de rango menor a dialogar con triquis, frente al Palacio de Gobierno. <a href=\"https:\/\/t.co\/7It3rs1vuw\">pic.twitter.com\/7It3rs1vuw<\/a><\/p>&mdash; Zona Roja Oaxaca (@ZonaRoja_Oaxaca) <a href=\"https:\/\/twitter.com\/ZonaRoja_Oaxaca\/status\/1604177240333471749?ref_src=twsrc%5Etfw\">17 de diciembre de 2022<\/a><\/blockquote><\/div>\n<\/div><\/figure>\n\n\n\n<p>Respecto a los hechos de la madrugada del pasado 2 de diciembre, Diego de la Cruz expuso que tanto la Secretar\u00eda de Gobierno, propuso seguir avanzando en la ruta de brindar atenci\u00f3n integral a los desplazados, aunque sin especificar la manera.<\/p>\n\n\n\n<p>De su lado, Reina Mart\u00ednez Flores rechaz\u00f3 que los planteamientos no fueron suficientes, pues, en primer lugar, no les han entregado la mercanc\u00eda, que en su mayor\u00eda fue desaparecida.<\/p>\n\n\n\n<p>Previo a ello, Marcos Albino Ortiz reproch\u00f3 que les quieren entregar la mercanc\u00eda incompleta; \u201cmanosearon todo, se robaron todo, ustedes vieron c\u00f3mo los inspectores estuvieron jugando con nuestras artesan\u00edas, se estuvieron robando todo.<\/p>\n\n\n\n<p>\u201cY hoy el Estado nos trae estas propuestas, una fantas\u00eda m\u00e1s del Estado, un show m\u00e1s, pero realmente no hay atenci\u00f3n en espec\u00edfico a nosotros como v\u00edctimas de desplazamiento; a pesar de las burlas, de la criminalizaci\u00f3n, que nos han dicho vividores, estamos aceptando la propuesta de querer avanzar.<\/p>\n\n\n\n<p>\u201cEl gobernador Salom\u00f3n Jara estuvo ya tres veces en la regi\u00f3n Triqui, y despu\u00e9s de negociar con esos grupos quiere hacerlo con nosotros\u201d, resalt\u00f3.<\/p>\n\n\n\n<p>Al final no hubo ning\u00fan acuerdo por lo cual los manifestantes continuar\u00e1n con su \u201cplant\u00f3n\u201d y huelga frente al Palacio de Gobierno.<\/p>\n","protected":false},"excerpt":{"rendered":"<p>Redacci\u00f3n\/Zona Roja. Oaxaca de Ju\u00e1rez, Oax., a 17 de diciembre de 2022.- Sin acuerdos concluy\u00f3&hellip;<\/p>\n","protected":false},"author":2,"featured_media":49393,"comment_status":"closed","ping_status":"open","sticky":false,"template":"","format":"standard","meta":{"_lmt_disableupdate":"","_lmt_disable":"","_jetpack_memberships_contains_paid_content":false,"footnotes":""},"categories":[109,47],"tags":[2028],"class_list":["post-49392","post","type-post","status-publish","format-standard","has-post-thumbnail","hentry","category-minuto-a-minuto","category-zona-gris","tag-san-juan-copala"],"jetpack_featured_media_url":"https:\/\/zonaroja.com.mx\/wp-content\/uploads\/2022\/12\/Mesa-de-dialogo-triquis-y-Segob-Oaxaca.jpg","jetpack_sharing_enabled":true,"_links":{"self":[{"href":"https:\/\/zonaroja.com.mx\/index.php?rest_route=\/wp\/v2\/posts\/49392","targetHints":{"allow":["GET"]}}],"collection":[{"href":"https:\/\/zonaroja.com.mx\/index.php?rest_route=\/wp\/v2\/posts"}],"about":[{"href":"https:\/\/zonaroja.com.mx\/index.php?rest_route=\/wp\/v2\/types\/post"}],"author":[{"embeddable":true,"href":"https:\/\/zonaroja.com.mx\/index.php?rest_route=\/wp\/v2\/users\/2"}],"replies":[{"embeddable":true,"href":"https:\/\/zonaroja.com.mx\/index.php?rest_route=%2Fwp%2Fv2%2Fcomments&post=49392"}],"version-history":[{"count":1,"href":"https:\/\/zonaroja.com.mx\/index.php?rest_route=\/wp\/v2\/posts\/49392\/revisions"}],"predecessor-version":[{"id":49394,"href":"https:\/\/zonaroja.com.mx\/index.php?rest_route=\/wp\/v2\/posts\/49392\/revisions\/49394"}],"wp:featuredmedia":[{"embeddable":true,"href":"https:\/\/zonaroja.com.mx\/index.php?rest_route=\/wp\/v2\/media\/49393"}],"wp:attachment":[{"href":"https:\/\/zonaroja.com.mx\/index.php?rest_route=%2Fwp%2Fv2%2Fmedia&parent=49392"}],"wp:term":[{"taxonomy":"category","embeddable":true,"href":"https:\/\/zonaroja.com.mx\/index.php?rest_route=%2Fwp%2Fv2%2Fcategories&post=49392"},{"taxonomy":"post_tag","embeddable":true,"href":"https:\/\/zonaroja.com.mx\/index.php?rest_route=%2Fwp%2Fv2%2Ftags&post=49392"}],"curies":[{"name":"wp","href":"https:\/\/api.w.org\/{rel}","templated":true}]}}