{"id":49398,"date":"2022-12-17T16:55:27","date_gmt":"2022-12-17T22:55:27","guid":{"rendered":"http:\/\/www.zonaroja.com.mx\/?p=49398"},"modified":"2022-12-17T17:03:36","modified_gmt":"2022-12-17T23:03:36","slug":"de-rojo-intenso-la-primavera-oaxaquena-masacran-a-familia-en-la-costa","status":"publish","type":"post","link":"https:\/\/zonaroja.com.mx\/?p=49398","title":{"rendered":"De rojo intenso la \u201cprimavera oaxaque\u00f1a\u201d: masacran a familia en la Costa"},"content":{"rendered":"\n<p>Ismael Garc\u00eda M.\/Zona Roja.<\/p>\n\n\n\n<p>Oaxaca de Ju\u00e1rez, Oax., a 17 de diciembre de 2022.- Una familia fue masacrada a balazos este s\u00e1bado en San Pedro Atoyac, municipio de la regi\u00f3n Costa de Oaxaca.&nbsp;<\/p>\n\n\n\n<p>El saldo preliminar es de dos mujeres y un var\u00f3n asesinados, mientras que dos menores de edad se encuentran desaparecidos, seg\u00fan reportes policiacos.<\/p>\n\n\n\n<p>Hasta el momento no hay confirmaci\u00f3n p\u00fablica por parte de la Fiscal\u00eda General del Estado y de acuerdo con reportes preliminares, tambi\u00e9n los menores de edad habr\u00edan sido ultimados.<\/p>\n\n\n\n<p>Los hechos se dan luego de dos d\u00edas de tregua en violencia homicida en la entidad oaxaque\u00f1a.<\/p>\n\n\n\n<p>El multihomicidio ocurre tambi\u00e9n pese al operativo de seguridad desplegado por la Secretar\u00eda de Seguridad P\u00fablica de Oaxaca (SSPO), en que supuestamente participan dos mil 500 elementos, de fuerzas estatales y federales, incluyendo del Ej\u00e9rcito y la Marina.<\/p>\n","protected":false},"excerpt":{"rendered":"<p>Ismael Garc\u00eda M.\/Zona Roja. Oaxaca de Ju\u00e1rez, Oax., a 17 de diciembre de 2022.- Una&hellip;<\/p>\n","protected":false},"author":2,"featured_media":49399,"comment_status":"closed","ping_status":"open","sticky":false,"template":"","format":"standard","meta":{"_lmt_disableupdate":"","_lmt_disable":"","_jetpack_memberships_contains_paid_content":false,"footnotes":""},"categories":[109,51],"tags":[3121],"class_list":["post-49398","post","type-post","status-publish","format-standard","has-post-thumbnail","hentry","category-minuto-a-minuto","category-zona-roja","tag-san-pedro-atoyac"],"jetpack_featured_media_url":"https:\/\/zonaroja.com.mx\/wp-content\/uploads\/2022\/12\/San-Pedro-Atoyac.jpeg","jetpack_sharing_enabled":true,"_links":{"self":[{"href":"https:\/\/zonaroja.com.mx\/index.php?rest_route=\/wp\/v2\/posts\/49398","targetHints":{"allow":["GET"]}}],"collection":[{"href":"https:\/\/zonaroja.com.mx\/index.php?rest_route=\/wp\/v2\/posts"}],"about":[{"href":"https:\/\/zonaroja.com.mx\/index.php?rest_route=\/wp\/v2\/types\/post"}],"author":[{"embeddable":true,"href":"https:\/\/zonaroja.com.mx\/index.php?rest_route=\/wp\/v2\/users\/2"}],"replies":[{"embeddable":true,"href":"https:\/\/zonaroja.com.mx\/index.php?rest_route=%2Fwp%2Fv2%2Fcomments&post=49398"}],"version-history":[{"count":2,"href":"https:\/\/zonaroja.com.mx\/index.php?rest_route=\/wp\/v2\/posts\/49398\/revisions"}],"predecessor-version":[{"id":49402,"href":"https:\/\/zonaroja.com.mx\/index.php?rest_route=\/wp\/v2\/posts\/49398\/revisions\/49402"}],"wp:featuredmedia":[{"embeddable":true,"href":"https:\/\/zonaroja.com.mx\/index.php?rest_route=\/wp\/v2\/media\/49399"}],"wp:attachment":[{"href":"https:\/\/zonaroja.com.mx\/index.php?rest_route=%2Fwp%2Fv2%2Fmedia&parent=49398"}],"wp:term":[{"taxonomy":"category","embeddable":true,"href":"https:\/\/zonaroja.com.mx\/index.php?rest_route=%2Fwp%2Fv2%2Fcategories&post=49398"},{"taxonomy":"post_tag","embeddable":true,"href":"https:\/\/zonaroja.com.mx\/index.php?rest_route=%2Fwp%2Fv2%2Ftags&post=49398"}],"curies":[{"name":"wp","href":"https:\/\/api.w.org\/{rel}","templated":true}]}}