{"id":49406,"date":"2022-12-18T13:39:00","date_gmt":"2022-12-18T19:39:00","guid":{"rendered":"http:\/\/www.zonaroja.com.mx\/?p=49406"},"modified":"2022-12-18T06:40:24","modified_gmt":"2022-12-18T12:40:24","slug":"opinion-la-disputa-por-el-agua-en-sonora","status":"publish","type":"post","link":"https:\/\/zonaroja.com.mx\/?p=49406","title":{"rendered":"Opini\u00f3n. La disputa por el agua en Sonora"},"content":{"rendered":"\n<p>Diego Enrique Osorno*<\/p>\n\n\n\n<p>Como parte de una investigaci\u00f3n que llevamos haciendo desde hace tiempo sobre una serie de acontecimientos ligados a la captura econ\u00f3mica del estado, me reun\u00ed hace un a\u00f1o con el ex gobernador de Sonora&nbsp;Guillermo Padr\u00e9s. Hablamos varias horas en un rancho de Hermosillo en el que pasaba la mayor parte de su tiempo, tras salir de la prisi\u00f3n en la que fue encerrado bajo cargos de corrupci\u00f3n.<\/p>\n\n\n\n<p>Durante la conversaci\u00f3n surgi\u00f3 el tema del Acueducto Independencia construido en su administraci\u00f3n para dotar de agua de la Presa El Novillo a la capital sonorense. Una obra de 150 kil\u00f3metros de extensi\u00f3n que provoc\u00f3 un enfrentamiento con el entonces presidente Enrique Pe\u00f1a Nieto y que a la postre, seg\u00fan Padr\u00e9s, gener\u00f3 su encarcelamiento de m\u00e1s de dos a\u00f1os.<\/p>\n\n\n\n<p>\u201cEsta es una historia no contada\u201d, me advirti\u00f3, para luego matizar: \u201cesta es una historia mal contada por mis adversarios pol\u00edticos, la cual tiene mucha profundidad y va a tener una trascendencia a lo largo de los a\u00f1os de Sonora\u201d.<\/p>\n\n\n\n<p>Con casi un mill\u00f3n de habitantes, Hermosillo es una ciudad en medio del desierto a la que constantemente se le van agotando las fuentes de abastecimiento de agua. Antes del Acueducto Independencia, se hab\u00edan llevado a cabo exploraciones infructuosas de cuencas cercanas para extraer agua del subsuelo. Tambi\u00e9n hab\u00edan fracasado proyectos como el de otro ex mandatario sonorense, Armando L\u00f3pez Nogales, por instalar una planta desalinizadora.<\/p>\n\n\n\n<p>As\u00ed fue quedando como \u00fanica opci\u00f3n la posibilidad de acarrear agua desde una presa usada en su mayor\u00eda por los agricultores de Ciudad Obreg\u00f3n, la segunda ciudad m\u00e1s importante de Sonora.<\/p>\n\n\n\n<p>\u201cNuestros hermanos del sur del estado de Sonora, precisamente los agrotitanes, los agricultores m\u00e1s fuertes de Ciudad Obreg\u00f3n, siempre se opusieron. Todos sabemos los grandes capitales que radican ah\u00ed y la fuerza pol\u00edtica que tuvieron. Pasaron gobernadores que no pudieron solucionar esto, pas\u00f3 el tiempo y se ven\u00eda agravando de una forma extraordinaria la falta de agua aqu\u00ed en Hermosillo, al grado de que ya no hab\u00eda viabilidad para nuevos fraccionamientos, parques industriales ni desarrollos de vivienda en Hermosillo, porque ya no hab\u00eda factibilidad de poder proveerles el agua en esas \u00e1reas\u201d.<\/p>\n\n\n\n<p>\u201cEra un tema sumamente delicado porque ibas a las escuelas de los ni\u00f1os y ve\u00edas como sufr\u00edan al no tener agua ni en los bebederos ni en los ba\u00f1os. En una gran parte de la poblaci\u00f3n de aqu\u00ed de Hermosillo no ten\u00edan el vital l\u00edquido. Ve\u00edas a las familias el c\u00f3mo batallaban con sus cubetas de agua y con un tinaco. Era algo insostenible. Hab\u00eda que hacer algo con el agua\u201d.<\/p>\n\n\n\n<p>\u00bfC\u00f3mo decidieron construir el Acueducto?<\/p>\n\n\n\n<p>Vimos todas las opciones: desalinizar, traer agua de otras cuencas, del subsuelo y analizamos programas de ahorro en el recurso h\u00eddrico. Buscamos todas las formas y con todo el apoyo t\u00e9cnico de Presidencia de la Rep\u00fablica de Felipe Calder\u00f3n se decidi\u00f3 que deber\u00eda ser el Acueducto Independencia, porque era el m\u00e1s viable.<\/p>\n\n\n\n<p>Tratamos de consensuarlo con los agrotitanes de Obreg\u00f3n. Que cedieran un poquito de su agua para Hermosillo sin causarles ning\u00fan problema, porque es una fracci\u00f3n peque\u00f1a lo que necesita Hermosillo de agua en comparaci\u00f3n a los vol\u00famenes que ellos manejan en aquella cuenca, pero nunca pudimos contar con ese apoyo de los agrotitanes de Obreg\u00f3n, incluso quer\u00edan sumar a muchas comunidades de los yaquis y no lo pudieron hacer, pero si hablaban en nombre de ellos.<\/p>\n\n\n\n<p>Fue una lucha y una negociaci\u00f3n sumamente dif\u00edcil entre el gobierno del estado, el gobierno federal y los empresarios por todos los medios posibles, pero no se logr\u00f3. Hubo unos pueblos generosos y aqu\u00ed est\u00e1 un tema muy importante. No fue precisamente el agua del Valle del Yaqui la que le est\u00e1 dando la viabilidad a que Hermosillo tenga agua, sino la de los pueblos de la sierra los que lo decidieron. Ellos cedieron una parte de sus vol\u00famenes de agua autorizados y logramos hacer la obra.<\/p>\n\n\n\n<p>\u00bfY c\u00f3mo fue el proceso de negociaci\u00f3n pol\u00edtica?<\/p>\n\n\n\n<p>Sab\u00eda que me iba a enfrentar a esas fuerzas pol\u00edticas. Sab\u00eda que \u00edbamos a tener un grave costo pol\u00edtico en lo personal y en la soledad dije: \u201cyo no vine nada m\u00e1s a hacerme tonto. Tengo que entrarle y resolver el problema del agua de Hermosillo de una vez por todas, anteponiendo todos los intereses\u201d;&nbsp;y as\u00ed fue: logramos hacer el Acueducto Independencia, aun cuando en campa\u00f1a el presidente Enrique Pe\u00f1a Nieto se comprometi\u00f3 a cerrarlo. \u00c9l vino y dijo que lo iba a cerrar, que lo iba a acabar.<\/p>\n\n\n\n<p>\u00bfAh\u00ed empez\u00f3 el conflicto con Pe\u00f1a Nieto?<\/p>\n\n\n\n<p>S\u00ed. Nosotros lo terminamos. Solucionamos el problema de Hermosillo con muchas penas y falta de recursos, pero sab\u00edamos que ten\u00edamos que hacer algo. A Pe\u00f1a, ya como presidente le siguieron recordando su compromiso de cerrar el Acueducto Independencia y yo llego a todas las mesas a poner todas las opciones para poder ayudar a quienes se sent\u00edan afectados que no son afectados y el tiempo me ha dado la raz\u00f3n.<\/p>\n\n\n\n<p>\u00bfY c\u00f3mo fue la negociaci\u00f3n con los agricultores de Obreg\u00f3n?<\/p>\n\n\n\n<p>Esos agricultores le hicieron un gran da\u00f1o a la gente de Ciudad Obreg\u00f3n. Hubo miles de millones de pesos que se ofrecieron para el desarrollo de las familias m\u00e1s necesitadas de Cajeme y no los aceptaron. Inclusive, mucho m\u00e1s dinero del que hubiera podido representar sembrar con esa agua que se vino a Hermosillo, pero tampoco lo aceptaron, porque se ve\u00edan afectados sus intereses pol\u00edticos y personales.<\/p>\n\n\n\n<p>Le hicieron un gran da\u00f1o, y la historia nos va a llevar a que lo sepan los ciudadanos de Cajeme. El da\u00f1o que le hicieron esas personas a la comunidad de Cajeme, pero bueno, llega el presidente Pe\u00f1a, empieza una serie de mesas para tratar de conciliar el tema. Nosotros siempre con la mejor voluntad. Y te voy a platicar un tema que, casi nadie lo sabe, que cambi\u00f3 mi vida, a m\u00ed y a mi familia. Un d\u00eda recibo una llamada del secretario de Gobernaci\u00f3n, Miguel \u00c1ngel Osorio Chong, me dice que tiene un mensaje del Presidente, que si pod\u00eda asistir de forma inmediata a la Ciudad de M\u00e9xico. Ah\u00ed empez\u00f3 lo que despu\u00e9s me llev\u00f3 a prisi\u00f3n.&nbsp;<\/p>\n\n\n\n<p>(Continuar\u00e1\u2026)<\/p>\n\n\n\n<p>*Escritor y periodista.<\/p>\n\n\n\n<p>@diegoeosorno<\/p>\n","protected":false},"excerpt":{"rendered":"<p>Diego Enrique Osorno* Como parte de una investigaci\u00f3n que llevamos haciendo desde hace tiempo sobre&hellip;<\/p>\n","protected":false},"author":2,"featured_media":48560,"comment_status":"closed","ping_status":"open","sticky":false,"template":"","format":"standard","meta":{"_lmt_disableupdate":"","_lmt_disable":"","_jetpack_memberships_contains_paid_content":false,"footnotes":""},"categories":[456,109],"tags":[3020],"class_list":["post-49406","post","type-post","status-publish","format-standard","has-post-thumbnail","hentry","category-columna","category-minuto-a-minuto","tag-diego-enrique-osorno"],"jetpack_featured_media_url":"https:\/\/zonaroja.com.mx\/wp-content\/uploads\/2022\/11\/Diego-Enrique-Osorno.jpeg","jetpack_sharing_enabled":true,"_links":{"self":[{"href":"https:\/\/zonaroja.com.mx\/index.php?rest_route=\/wp\/v2\/posts\/49406","targetHints":{"allow":["GET"]}}],"collection":[{"href":"https:\/\/zonaroja.com.mx\/index.php?rest_route=\/wp\/v2\/posts"}],"about":[{"href":"https:\/\/zonaroja.com.mx\/index.php?rest_route=\/wp\/v2\/types\/post"}],"author":[{"embeddable":true,"href":"https:\/\/zonaroja.com.mx\/index.php?rest_route=\/wp\/v2\/users\/2"}],"replies":[{"embeddable":true,"href":"https:\/\/zonaroja.com.mx\/index.php?rest_route=%2Fwp%2Fv2%2Fcomments&post=49406"}],"version-history":[{"count":1,"href":"https:\/\/zonaroja.com.mx\/index.php?rest_route=\/wp\/v2\/posts\/49406\/revisions"}],"predecessor-version":[{"id":49407,"href":"https:\/\/zonaroja.com.mx\/index.php?rest_route=\/wp\/v2\/posts\/49406\/revisions\/49407"}],"wp:featuredmedia":[{"embeddable":true,"href":"https:\/\/zonaroja.com.mx\/index.php?rest_route=\/wp\/v2\/media\/48560"}],"wp:attachment":[{"href":"https:\/\/zonaroja.com.mx\/index.php?rest_route=%2Fwp%2Fv2%2Fmedia&parent=49406"}],"wp:term":[{"taxonomy":"category","embeddable":true,"href":"https:\/\/zonaroja.com.mx\/index.php?rest_route=%2Fwp%2Fv2%2Fcategories&post=49406"},{"taxonomy":"post_tag","embeddable":true,"href":"https:\/\/zonaroja.com.mx\/index.php?rest_route=%2Fwp%2Fv2%2Ftags&post=49406"}],"curies":[{"name":"wp","href":"https:\/\/api.w.org\/{rel}","templated":true}]}}