{"id":4941,"date":"2019-10-18T18:32:14","date_gmt":"2019-10-18T23:32:14","guid":{"rendered":"http:\/\/www.zonaroja.com.mx\/?p=4941"},"modified":"2019-10-18T18:32:17","modified_gmt":"2019-10-18T23:32:17","slug":"culiacan-8-muertos-16-heridos-51-reos-fugados-y-estado-fallido","status":"publish","type":"post","link":"https:\/\/zonaroja.com.mx\/?p=4941","title":{"rendered":"Culiac\u00e1n: 8 muertos, 16 heridos, 51 reos fugados\u2026 y Estado fallido"},"content":{"rendered":"\n<p>Redacci\u00f3n\/Zona Roja.<\/p>\n\n\n\n<p>Ciudad de M\u00e9xico, 18 de octubre de\n2019.- Ocho personas asesinadas, entre ellas cinco agresores, un civil, un\nelemento de guardia y un reo del penal de Aguaruto, es el saldo fatal de la\nviolencia de ayer en Culiac\u00e1n, Sinaloa.<\/p>\n\n\n\n<p>Adem\u00e1s, como resultado del operativo\nfallido para capturar a Ovidio Guzm\u00e1n L\u00f3pez, hijo de Joaqu\u00edn \u201cEl Chapo\u201d Guzm\u00e1n,\nhubo 42 veh\u00edculos despojados con violencia, nueve m\u00e1s fueron incendiados, se\nregistraron 19 bloqueos y 14 agresiones con armas de fuego al Ej\u00e9rcito Mexicano\ny Guardia Nacional.<\/p>\n\n\n\n<p>Asimismo, hay 16 lesionados y 51 reos\nfugados del penal de Aguaruto, quienes presuntamente habr\u00edan sido dotados de\narmas de alto poder para unirse al grupo delictivo.<\/p>\n\n\n\n<p>En conferencia de prensa, desde\nCuliac\u00e1n, el secretario de Seguridad, Alfonso Durazo Monta\u00f1o, dio a conocer el\nbalance de las acciones violentas sucedidas por al menos tres horas este\njueves.<\/p>\n\n\n\n<p>FALTA DE PLANEACI\u00d3N<\/p>\n\n\n\n<p>A su vez, el secretario de la Defensa,\nLuis Cresencio Sandoval, indic\u00f3 que el personal de las fuerzas de seguridad\nactu\u00f3 de manera precipitada y con falta de planeaci\u00f3n, adem\u00e1s de que desestim\u00f3\nel poder de fuerza y convocatoria del grupo de Guzm\u00e1n L\u00f3pez, hijo del\nnarcotraficante preso en Estados Unidos.<\/p>\n\n\n\n<p>Confirm\u00f3 que los elementos de seguridad\ns\u00ed ingresaron al inmueble e identificaron a Ovidio Guzm\u00e1n, pero no lo\ndetuvieron debido a los enfrentamientos que se desataron en Culiac\u00e1n.\n\u201cFormalmente no hubo una detenci\u00f3n, no hubo los procedimientos\u201d, se\u00f1al\u00f3.<\/p>\n\n\n\n<p>El general secretario refiri\u00f3 que el\noperativo en la capital sinaloense comenz\u00f3 a la 15:45 horas y las acciones se\nsuspendieron entre las 17:00 y 17:30 horas<\/p>\n\n\n\n<p>Luis Cresencio Sandoval agreg\u00f3 que se\nreforzar\u00e1 la presencia de efectivos en la entidad, para seguir con las\noperaciones realizadas por la Guardia Nacional, las secretar\u00edas de la Defensa\nNacional y de la Marina Armada de M\u00e9xico, as\u00ed como por polic\u00edas municipales.<\/p>\n","protected":false},"excerpt":{"rendered":"<p>Redacci\u00f3n\/Zona Roja. Ciudad de M\u00e9xico, 18 de octubre de 2019.- Ocho personas asesinadas, entre ellas&hellip;<\/p>\n","protected":false},"author":2,"featured_media":4942,"comment_status":"closed","ping_status":"open","sticky":false,"template":"","format":"standard","meta":{"_lmt_disableupdate":"","_lmt_disable":"","_jetpack_memberships_contains_paid_content":false,"footnotes":""},"categories":[109,51],"tags":[135,887,136],"class_list":["post-4941","post","type-post","status-publish","format-standard","has-post-thumbnail","hentry","category-minuto-a-minuto","category-zona-roja","tag-culiacan","tag-ovidio-guzman-lopez","tag-sinaloa"],"jetpack_featured_media_url":"https:\/\/zonaroja.com.mx\/wp-content\/uploads\/2019\/10\/Image-1-33.png","jetpack_sharing_enabled":true,"_links":{"self":[{"href":"https:\/\/zonaroja.com.mx\/index.php?rest_route=\/wp\/v2\/posts\/4941","targetHints":{"allow":["GET"]}}],"collection":[{"href":"https:\/\/zonaroja.com.mx\/index.php?rest_route=\/wp\/v2\/posts"}],"about":[{"href":"https:\/\/zonaroja.com.mx\/index.php?rest_route=\/wp\/v2\/types\/post"}],"author":[{"embeddable":true,"href":"https:\/\/zonaroja.com.mx\/index.php?rest_route=\/wp\/v2\/users\/2"}],"replies":[{"embeddable":true,"href":"https:\/\/zonaroja.com.mx\/index.php?rest_route=%2Fwp%2Fv2%2Fcomments&post=4941"}],"version-history":[{"count":1,"href":"https:\/\/zonaroja.com.mx\/index.php?rest_route=\/wp\/v2\/posts\/4941\/revisions"}],"predecessor-version":[{"id":4943,"href":"https:\/\/zonaroja.com.mx\/index.php?rest_route=\/wp\/v2\/posts\/4941\/revisions\/4943"}],"wp:featuredmedia":[{"embeddable":true,"href":"https:\/\/zonaroja.com.mx\/index.php?rest_route=\/wp\/v2\/media\/4942"}],"wp:attachment":[{"href":"https:\/\/zonaroja.com.mx\/index.php?rest_route=%2Fwp%2Fv2%2Fmedia&parent=4941"}],"wp:term":[{"taxonomy":"category","embeddable":true,"href":"https:\/\/zonaroja.com.mx\/index.php?rest_route=%2Fwp%2Fv2%2Fcategories&post=4941"},{"taxonomy":"post_tag","embeddable":true,"href":"https:\/\/zonaroja.com.mx\/index.php?rest_route=%2Fwp%2Fv2%2Ftags&post=4941"}],"curies":[{"name":"wp","href":"https:\/\/api.w.org\/{rel}","templated":true}]}}