{"id":49410,"date":"2022-12-18T09:44:00","date_gmt":"2022-12-18T15:44:00","guid":{"rendered":"http:\/\/www.zonaroja.com.mx\/?p=49410"},"modified":"2022-12-18T06:54:17","modified_gmt":"2022-12-18T12:54:17","slug":"entrega-colegio-de-licenciados-en-administracion-reconocimiento-al-titular-del-poder-judicial","status":"publish","type":"post","link":"https:\/\/zonaroja.com.mx\/?p=49410","title":{"rendered":"Entrega Colegio de Licenciados en Administraci\u00f3n reconocimiento al titular del Poder Judicial"},"content":{"rendered":"\n<p>Redacci\u00f3n\/Zona Roja.<\/p>\n\n\n\n<p>Oaxaca de Ju\u00e1rez, Oax., a 18 de diciembre de 2022.- El&nbsp;Colegio&nbsp;de Licenciados en Administraci\u00f3n del Estado de Oaxaca A.C.&nbsp;(CONLA), hizo entrega de un reconocimiento al titular del Poder Judicial del Estado, magistrado Eduardo Pinacho S\u00e1nchez, por su labor comprometida al frente de esta instituci\u00f3n y las buenas pr\u00e1cticas que han permitido concretar proyectos novedosos encaminados a modernizar el Tribunal Superior de Justicia y el Consejo de la Judicatura.&nbsp;<\/p>\n\n\n\n<p>En el marco del D\u00eda del Administrador, la agrupaci\u00f3n con presencia a nivel nacional, destac\u00f3 el ejercicio profesional&nbsp;demostrado por el magistrado presidente en la alta responsabilidad que tiene encomendada y en las estrategias implementadas para construir&nbsp;y hacer realidad en la entidad&nbsp;un sistema de&nbsp;justicia m\u00e1s transparente, humanizado y cercano&nbsp;a las personas.<\/p>\n\n\n\n<p>Al recibir&nbsp;el reconocimiento&nbsp;como Administrador de la justicia del a\u00f1o 2022, el titular del Poder Judicial de&nbsp;Oaxaca&nbsp;agradeci\u00f3 la distinci\u00f3n,&nbsp;que dijo,&nbsp;se convierte en un aliciente y un compromiso para seguir trabajando con el mismo \u00edmpetu, \u00e9tica y&nbsp;responsabilidad necesarios en el cargo que ejerce.<\/p>\n\n\n\n<p>Estuvieron presentes en la ceremonia,&nbsp;integrantes del Consejo Directivo del Colegio de Licenciados&nbsp;en Administraci\u00f3n que preside el maestro Gerardo Iv\u00e1n Velasco Cruz,&nbsp;el profesionista&nbsp;No\u00e9 Jara Cruz;&nbsp;el presidente de&nbsp;la junta de Coordinaci\u00f3n Pol\u00edtica de la C\u00e1mara de Diputados,&nbsp;Luis&nbsp;Alfonso&nbsp;Silva Romo;&nbsp;la presidenta de la&nbsp;Coparmex-Oaxaca, Laura Patricia Barranco.<\/p>\n","protected":false},"excerpt":{"rendered":"<p>Redacci\u00f3n\/Zona Roja. Oaxaca de Ju\u00e1rez, Oax., a 18 de diciembre de 2022.- El&nbsp;Colegio&nbsp;de Licenciados en&hellip;<\/p>\n","protected":false},"author":2,"featured_media":49411,"comment_status":"closed","ping_status":"open","sticky":false,"template":"","format":"standard","meta":{"_lmt_disableupdate":"","_lmt_disable":"","_jetpack_memberships_contains_paid_content":false,"footnotes":""},"categories":[109,46],"tags":[223],"class_list":["post-49410","post","type-post","status-publish","format-standard","has-post-thumbnail","hentry","category-minuto-a-minuto","category-zona-blanca","tag-poder-judicial-de-oaxaca"],"jetpack_featured_media_url":"https:\/\/zonaroja.com.mx\/wp-content\/uploads\/2022\/12\/Reconocimiento-poder-judicial-Oaxaca.jpg","jetpack_sharing_enabled":true,"_links":{"self":[{"href":"https:\/\/zonaroja.com.mx\/index.php?rest_route=\/wp\/v2\/posts\/49410","targetHints":{"allow":["GET"]}}],"collection":[{"href":"https:\/\/zonaroja.com.mx\/index.php?rest_route=\/wp\/v2\/posts"}],"about":[{"href":"https:\/\/zonaroja.com.mx\/index.php?rest_route=\/wp\/v2\/types\/post"}],"author":[{"embeddable":true,"href":"https:\/\/zonaroja.com.mx\/index.php?rest_route=\/wp\/v2\/users\/2"}],"replies":[{"embeddable":true,"href":"https:\/\/zonaroja.com.mx\/index.php?rest_route=%2Fwp%2Fv2%2Fcomments&post=49410"}],"version-history":[{"count":1,"href":"https:\/\/zonaroja.com.mx\/index.php?rest_route=\/wp\/v2\/posts\/49410\/revisions"}],"predecessor-version":[{"id":49412,"href":"https:\/\/zonaroja.com.mx\/index.php?rest_route=\/wp\/v2\/posts\/49410\/revisions\/49412"}],"wp:featuredmedia":[{"embeddable":true,"href":"https:\/\/zonaroja.com.mx\/index.php?rest_route=\/wp\/v2\/media\/49411"}],"wp:attachment":[{"href":"https:\/\/zonaroja.com.mx\/index.php?rest_route=%2Fwp%2Fv2%2Fmedia&parent=49410"}],"wp:term":[{"taxonomy":"category","embeddable":true,"href":"https:\/\/zonaroja.com.mx\/index.php?rest_route=%2Fwp%2Fv2%2Fcategories&post=49410"},{"taxonomy":"post_tag","embeddable":true,"href":"https:\/\/zonaroja.com.mx\/index.php?rest_route=%2Fwp%2Fv2%2Ftags&post=49410"}],"curies":[{"name":"wp","href":"https:\/\/api.w.org\/{rel}","templated":true}]}}