{"id":49416,"date":"2022-12-18T07:22:23","date_gmt":"2022-12-18T13:22:23","guid":{"rendered":"http:\/\/www.zonaroja.com.mx\/?p=49416"},"modified":"2022-12-18T07:22:25","modified_gmt":"2022-12-18T13:22:25","slug":"roja-primavera-identifican-a-masacrados-en-la-costa-ejecutan-a-transportista","status":"publish","type":"post","link":"https:\/\/zonaroja.com.mx\/?p=49416","title":{"rendered":"\u201cRoja primavera\u201d: identifican a masacrados en la Costa; ejecutan a transportista"},"content":{"rendered":"\n<p>Ismael Garc\u00eda M.\/Zona Roja.&nbsp;<\/p>\n\n\n\n<p>Oaxaca de Ju\u00e1rez, Oax., a 18 de diciembre de 2022.- Como Margarita G. J., de alrededor de unos 40 a\u00f1os de edad, y sus hijos, Gustavo G. y Luz Magali G., esta \u00faltima de 17 a\u00f1os, fueron identificadas las v\u00edctimas de la masacre perpetrada ayer a balazos en San Pedro Atoyac, municipio de la regi\u00f3n Costa.<\/p>\n\n\n\n<p>Asimismo, contin\u00faan desparecidos dos adolescentes, de una de las cuales la Unidad de B\u00fasqueda de Personas Desaparecidas y No Localizadas emiti\u00f3 una ficha y la identific\u00f3 como Belinda Esther V\u00e1squez Aguilar; adem\u00e1s, habr\u00eda una cuarta persona asesinada, lo cual no han confirmado las autoridades.<\/p>\n\n\n\n<p>El ataque armado se registr\u00f3 la ma\u00f1ana de ayer y los cuerpos fueron localizados en un camino de terracer\u00eda que conduce de San Pedro Atoyac a San Pedro Tulixtlahuaca, a la altura del paraje \u201cDonde truena el rayo\u201d<\/p>\n\n\n\n<p>La Fiscal\u00eda General del Estado de Oaxaca inici\u00f3 la Carpeta de Investigaci\u00f3n correspondiente, en el caso de las dos mujeres, bajo los protocolos de feminicidio; hasta el momento no hay personas detenidas.<\/p>\n\n\n\n<p>TRANSPORTISTA EJECUTADO&nbsp;<\/p>\n\n\n\n<p>Por otra parte, anoche aproximadamente a las 22:00 horas, fue ejecutado a balazos un transportista en San Pedro Pochutla, municipio de la regi\u00f3n Costa.<\/p>\n\n\n\n<p>Presuntamente se trata de Abisa\u00ed V., de aproximadamente 38 a\u00f1os de edad, y dirigente regional de la Confederaci\u00f3n de Trabajadores de M\u00e9xico (CTM).<\/p>\n\n\n\n<p>Sujetos desconocidos arribaron a un domicilio y le dispararon directamente, tras lo cual huyeron; en el sitio las autoridades ministeriales hallaron casquillos percutidos de armas de grueso calibre.<\/p>\n\n\n\n<p>La v\u00edctima era originaria de Chacalapa, Pochutla, y hasta el momento se desconocen los motivos del ataque armado.<\/p>\n","protected":false},"excerpt":{"rendered":"<p>Ismael Garc\u00eda M.\/Zona Roja.&nbsp; Oaxaca de Ju\u00e1rez, Oax., a 18 de diciembre de 2022.- Como&hellip;<\/p>\n","protected":false},"author":2,"featured_media":49400,"comment_status":"closed","ping_status":"open","sticky":false,"template":"","format":"standard","meta":{"_lmt_disableupdate":"","_lmt_disable":"","_jetpack_memberships_contains_paid_content":false,"footnotes":""},"categories":[109,51],"tags":[3121,151],"class_list":["post-49416","post","type-post","status-publish","format-standard","has-post-thumbnail","hentry","category-minuto-a-minuto","category-zona-roja","tag-san-pedro-atoyac","tag-san-pedro-pochutla"],"jetpack_featured_media_url":"https:\/\/zonaroja.com.mx\/wp-content\/uploads\/2022\/12\/Asesinadas-San-Pedro-Atoyac.jpg","jetpack_sharing_enabled":true,"_links":{"self":[{"href":"https:\/\/zonaroja.com.mx\/index.php?rest_route=\/wp\/v2\/posts\/49416","targetHints":{"allow":["GET"]}}],"collection":[{"href":"https:\/\/zonaroja.com.mx\/index.php?rest_route=\/wp\/v2\/posts"}],"about":[{"href":"https:\/\/zonaroja.com.mx\/index.php?rest_route=\/wp\/v2\/types\/post"}],"author":[{"embeddable":true,"href":"https:\/\/zonaroja.com.mx\/index.php?rest_route=\/wp\/v2\/users\/2"}],"replies":[{"embeddable":true,"href":"https:\/\/zonaroja.com.mx\/index.php?rest_route=%2Fwp%2Fv2%2Fcomments&post=49416"}],"version-history":[{"count":1,"href":"https:\/\/zonaroja.com.mx\/index.php?rest_route=\/wp\/v2\/posts\/49416\/revisions"}],"predecessor-version":[{"id":49417,"href":"https:\/\/zonaroja.com.mx\/index.php?rest_route=\/wp\/v2\/posts\/49416\/revisions\/49417"}],"wp:featuredmedia":[{"embeddable":true,"href":"https:\/\/zonaroja.com.mx\/index.php?rest_route=\/wp\/v2\/media\/49400"}],"wp:attachment":[{"href":"https:\/\/zonaroja.com.mx\/index.php?rest_route=%2Fwp%2Fv2%2Fmedia&parent=49416"}],"wp:term":[{"taxonomy":"category","embeddable":true,"href":"https:\/\/zonaroja.com.mx\/index.php?rest_route=%2Fwp%2Fv2%2Fcategories&post=49416"},{"taxonomy":"post_tag","embeddable":true,"href":"https:\/\/zonaroja.com.mx\/index.php?rest_route=%2Fwp%2Fv2%2Ftags&post=49416"}],"curies":[{"name":"wp","href":"https:\/\/api.w.org\/{rel}","templated":true}]}}