{"id":49424,"date":"2022-12-18T15:53:30","date_gmt":"2022-12-18T21:53:30","guid":{"rendered":"http:\/\/www.zonaroja.com.mx\/?p=49424"},"modified":"2022-12-18T15:53:31","modified_gmt":"2022-12-18T21:53:31","slug":"siguen-desaparecidos-dos-menores-de-edad-tras-masacre-en-san-pedro-atoyac","status":"publish","type":"post","link":"https:\/\/zonaroja.com.mx\/?p=49424","title":{"rendered":"Siguen desaparecidos dos menores de edad tras masacre en San Pedro Atoyac"},"content":{"rendered":"\n<p>Ismael Garc\u00eda M.\/Zona Roja.<\/p>\n\n\n\n<p>Oaxaca de Ju\u00e1rez, Oax., a 18 de diciembre de 2022.- Dos menores de edad contin\u00faan desaparecidos en San Pedro Atoyac, Oaxaca, tras la masacre de una familia, perpetrada ayer.<\/p>\n\n\n\n<p>De acuerdo con la Unidad de B\u00fasqueda de Personas Desaparecidas, dependiente de la Fiscal\u00eda General del Estado de Oaxaca, se trata de Belinda Esther V\u00e1squez Aguilar, de 12 a\u00f1os de edad, y Jacob V\u00e1squez Gonz\u00e1lez, de cinco a\u00f1os de edad.<\/p>\n\n\n\n<p>Se les vio la \u00faltima vez ayer en el paraje \u201cDonde truena el suelo\u201d, de Atoyac, justo en el sitio donde fueron hallados los cuerpos de una mujer, una adolescente y un menor de edad, asesinados a balazos.<\/p>\n\n\n\n<p>Ambos tienen como domicilio el Barrio Grande del citado municipio, perteneciente al distrito de Jamiltepec, por lo cual la instancia de la Fiscal\u00eda emiti\u00f3 una \u201cAlerta \u00c1mbar\u201d para ambos, al considerar que la integridad de los menores est\u00e1 en riesgo, \u201cya que pueden ser v\u00edctima de la comisi\u00f3n de un delito\u201d.<\/p>\n\n\n\n<p>En tanto, 24 horas despu\u00e9s de los hechos, el Gobierno del Estado de Oaxaca, a trav\u00e9s de la Secretar\u00eda de Seguridad y Protecci\u00f3n Ciudadana, emiti\u00f3 un comunicado para informar que se busca a los menores.<\/p>\n\n\n\n<p>\u201cEl operativo se implementa en coordinaci\u00f3n con autoridades municipales de la zona y fuerzas de seguridad de los tres \u00f3rdenes de gobierno tal y como lo ha instruido el Gobernador del Estado, Salom\u00f3n Jara Cruz.<\/p>\n\n\n\n<p>\u201cEntre el personal que participa en este operativo de b\u00fasqueda se encuentran elementos de la Secretar\u00eda de la Defensa Nacional (Sedena), la Agencia Estatal de Investigaciones (AEI), adscritos a la Fiscal\u00eda General del Estado de Oaxaca (FGEO), la Polic\u00eda Estatal y la Polic\u00eda Municipal de esa demarcaci\u00f3n\u201d, detall\u00f3.<\/p>\n","protected":false},"excerpt":{"rendered":"<p>Ismael Garc\u00eda M.\/Zona Roja. Oaxaca de Ju\u00e1rez, Oax., a 18 de diciembre de 2022.- Dos&hellip;<\/p>\n","protected":false},"author":2,"featured_media":49425,"comment_status":"closed","ping_status":"open","sticky":false,"template":"","format":"standard","meta":{"_lmt_disableupdate":"","_lmt_disable":"","_jetpack_memberships_contains_paid_content":false,"footnotes":""},"categories":[109,47],"tags":[3121],"class_list":["post-49424","post","type-post","status-publish","format-standard","has-post-thumbnail","hentry","category-minuto-a-minuto","category-zona-gris","tag-san-pedro-atoyac"],"jetpack_featured_media_url":"https:\/\/zonaroja.com.mx\/wp-content\/uploads\/2022\/12\/Menores-desaparecidos-San-Pedto-Atoyac-Costa-Oaxaca.jpg","jetpack_sharing_enabled":true,"_links":{"self":[{"href":"https:\/\/zonaroja.com.mx\/index.php?rest_route=\/wp\/v2\/posts\/49424","targetHints":{"allow":["GET"]}}],"collection":[{"href":"https:\/\/zonaroja.com.mx\/index.php?rest_route=\/wp\/v2\/posts"}],"about":[{"href":"https:\/\/zonaroja.com.mx\/index.php?rest_route=\/wp\/v2\/types\/post"}],"author":[{"embeddable":true,"href":"https:\/\/zonaroja.com.mx\/index.php?rest_route=\/wp\/v2\/users\/2"}],"replies":[{"embeddable":true,"href":"https:\/\/zonaroja.com.mx\/index.php?rest_route=%2Fwp%2Fv2%2Fcomments&post=49424"}],"version-history":[{"count":1,"href":"https:\/\/zonaroja.com.mx\/index.php?rest_route=\/wp\/v2\/posts\/49424\/revisions"}],"predecessor-version":[{"id":49426,"href":"https:\/\/zonaroja.com.mx\/index.php?rest_route=\/wp\/v2\/posts\/49424\/revisions\/49426"}],"wp:featuredmedia":[{"embeddable":true,"href":"https:\/\/zonaroja.com.mx\/index.php?rest_route=\/wp\/v2\/media\/49425"}],"wp:attachment":[{"href":"https:\/\/zonaroja.com.mx\/index.php?rest_route=%2Fwp%2Fv2%2Fmedia&parent=49424"}],"wp:term":[{"taxonomy":"category","embeddable":true,"href":"https:\/\/zonaroja.com.mx\/index.php?rest_route=%2Fwp%2Fv2%2Fcategories&post=49424"},{"taxonomy":"post_tag","embeddable":true,"href":"https:\/\/zonaroja.com.mx\/index.php?rest_route=%2Fwp%2Fv2%2Ftags&post=49424"}],"curies":[{"name":"wp","href":"https:\/\/api.w.org\/{rel}","templated":true}]}}