{"id":49427,"date":"2022-12-18T16:22:38","date_gmt":"2022-12-18T22:22:38","guid":{"rendered":"http:\/\/www.zonaroja.com.mx\/?p=49427"},"modified":"2022-12-18T16:22:39","modified_gmt":"2022-12-18T22:22:39","slug":"matan-a-otra-mujer-ahora-en-san-pablo-huixtepec-suman-nueve-feminicidios","status":"publish","type":"post","link":"https:\/\/zonaroja.com.mx\/?p=49427","title":{"rendered":"Matan a otra mujer, ahora en San Pablo Huixtepec; suman nueve feminicidios"},"content":{"rendered":"\n<p>Ismael Garc\u00eda M.\/Zona Roja.<\/p>\n\n\n\n<p>Oaxaca de Ju\u00e1rez, Oax., a 18 de diciembre de 2022.- A poco m\u00e1s de dos semanas del gobierno de Salom\u00f3n Jara Cruz, ya suman nueve probables feminicidios cometidos en Oaxaca.<\/p>\n\n\n\n<p>El m\u00e1s reciente caso ocurri\u00f3 el pasado viernes en San Pablo Huixtepec, distrito de Zimatl\u00e1n, seg\u00fan dieron a conocer los familiares, en que asesinaron a golpes y arma cortocontundente a una mujer de la tercera edad, identificada como Margarita Petra V. R.<\/p>\n\n\n\n<p>Sujetos desconocidos ingresaron al domicilio ubicado en la calle Zaragoza del Barrio San Antonio y le dieron muerte a golpes y presumiblemente con cuchillo y machete.<\/p>\n\n\n\n<p>\u201cPido de su apoyo para que la muerte de mi abuela no se quede as\u00ed, si alguien vio entrar o salir a alguien de su domicilio o rondar muy seguido fuera de su casa, pido por favor nos lo hagan saber aunque sea an\u00f3nimamente. Descansa en paz abuelita\u201d, dieron a conocer sus familiares en redes sociales como Facebook.<\/p>\n\n\n\n<p>Apenas ayer asesinaron a otras dos mujeres, en San Pedro Atoyac, la se\u00f1ora Margarita G. J., de unos 40 a\u00f1os de edad, y su hija Luz Magali, de 17 a\u00f1os de edad, adem\u00e1s del menor Gustavo.&nbsp;<\/p>\n\n\n\n<p>Los feminicidios en el sexenio de Jara Cruz, del Partido Morena, iniciaron el 2 de diciembre, con el asesinato de una mujer en San Pedro Mixtepec, Juquila.<\/p>\n","protected":false},"excerpt":{"rendered":"<p>Ismael Garc\u00eda M.\/Zona Roja. Oaxaca de Ju\u00e1rez, Oax., a 18 de diciembre de 2022.- A&hellip;<\/p>\n","protected":false},"author":2,"featured_media":49429,"comment_status":"closed","ping_status":"open","sticky":false,"template":"","format":"standard","meta":{"_lmt_disableupdate":"","_lmt_disable":"","_jetpack_memberships_contains_paid_content":false,"footnotes":""},"categories":[109,51],"tags":[2168],"class_list":["post-49427","post","type-post","status-publish","format-standard","has-post-thumbnail","hentry","category-minuto-a-minuto","category-zona-roja","tag-san-pablo-huixtepec"],"jetpack_featured_media_url":"https:\/\/zonaroja.com.mx\/wp-content\/uploads\/2022\/12\/Feminicidio-San-Pablo-Huixtepec.jpg","jetpack_sharing_enabled":true,"_links":{"self":[{"href":"https:\/\/zonaroja.com.mx\/index.php?rest_route=\/wp\/v2\/posts\/49427","targetHints":{"allow":["GET"]}}],"collection":[{"href":"https:\/\/zonaroja.com.mx\/index.php?rest_route=\/wp\/v2\/posts"}],"about":[{"href":"https:\/\/zonaroja.com.mx\/index.php?rest_route=\/wp\/v2\/types\/post"}],"author":[{"embeddable":true,"href":"https:\/\/zonaroja.com.mx\/index.php?rest_route=\/wp\/v2\/users\/2"}],"replies":[{"embeddable":true,"href":"https:\/\/zonaroja.com.mx\/index.php?rest_route=%2Fwp%2Fv2%2Fcomments&post=49427"}],"version-history":[{"count":1,"href":"https:\/\/zonaroja.com.mx\/index.php?rest_route=\/wp\/v2\/posts\/49427\/revisions"}],"predecessor-version":[{"id":49430,"href":"https:\/\/zonaroja.com.mx\/index.php?rest_route=\/wp\/v2\/posts\/49427\/revisions\/49430"}],"wp:featuredmedia":[{"embeddable":true,"href":"https:\/\/zonaroja.com.mx\/index.php?rest_route=\/wp\/v2\/media\/49429"}],"wp:attachment":[{"href":"https:\/\/zonaroja.com.mx\/index.php?rest_route=%2Fwp%2Fv2%2Fmedia&parent=49427"}],"wp:term":[{"taxonomy":"category","embeddable":true,"href":"https:\/\/zonaroja.com.mx\/index.php?rest_route=%2Fwp%2Fv2%2Fcategories&post=49427"},{"taxonomy":"post_tag","embeddable":true,"href":"https:\/\/zonaroja.com.mx\/index.php?rest_route=%2Fwp%2Fv2%2Ftags&post=49427"}],"curies":[{"name":"wp","href":"https:\/\/api.w.org\/{rel}","templated":true}]}}