{"id":49431,"date":"2022-12-18T19:15:16","date_gmt":"2022-12-19T01:15:16","guid":{"rendered":"http:\/\/www.zonaroja.com.mx\/?p=49431"},"modified":"2022-12-18T19:22:03","modified_gmt":"2022-12-19T01:22:03","slug":"sangrienta-primavera-oaxaquena-10-asesinatos-en-24-horas-3-son-mujeres","status":"publish","type":"post","link":"https:\/\/zonaroja.com.mx\/?p=49431","title":{"rendered":"Sangrienta \u201cprimavera oaxaque\u00f1a\u201d: 10 asesinatos en 24 horas; 3 son mujeres"},"content":{"rendered":"\n<p>Ismael Garc\u00eda M.\/Zona Roja.<\/p>\n\n\n\n<p>Oaxaca de Ju\u00e1rez, Oax., a 18 de diciembre de 2022.- En poco m\u00e1s de 24 horas y al iniciar el periodo vacacional navide\u00f1o, 10 personas han sido asesinadas en Oaxaca, de las cuales tres son mujeres; la mayor\u00eda de los casos ocurri\u00f3 en la regi\u00f3n Costa.<\/p>\n\n\n\n<p>Adem\u00e1s, contin\u00faan desparecidos dos menores de edad, luego que una familia fue masacrada a balazos en San Pedro Atoyac.&nbsp;<\/p>\n\n\n\n<p>La ma\u00f1ana de este domingo un grupo armado ejecut\u00f3 a cuatro personas del sexo masculino en el interior de un taller de hojalater\u00eda y pintura en el municipio de Santiago Jamitepec.<\/p>\n\n\n\n<p>Tres de las v\u00edctimas fueron identificadas como Carlos M. V., Eduardo M. M. y Arturo V., y otra permanece en calidad de desconocida.<\/p>\n\n\n\n<p>En tanto, como se inform\u00f3, ayer cerca del mediod\u00eda fueron ultimadas a balazos tres integrantes de una familia, dos mujeres y un joven, mientras que contin\u00faan desaparecidos dos adolescentes.&nbsp;<\/p>\n\n\n\n<p>En tanto que la noche del s\u00e1bado, en Santiago Jamiltepec fue atacado a balazos un profesor, quien falleci\u00f3 en el hospital del Instituto Mexicano del Seguro Social (IMSS).<\/p>\n\n\n\n<p>Tambi\u00e9n anoche pero en San Pedro Pochutla, fue ejecutado Abisa\u00ed \u201cN\u201d, de 37 a\u00f1os de edad, dirigente de la Confederaci\u00f3n de Trabajadores de M\u00e9xico (CTM).<\/p>\n\n\n\n<p>Y el viernes le quitaron la vida a golpes y machetazos a una adulta mayor, en su domicilio ubicado en San Pablo Huixtepec, municipio del distrito de Zimatl\u00e1n, en la regi\u00f3n Valles C\u00e9ntrales de Oaxaca. En todos los casos no hay personas detenidas.<\/p>\n\n\n\n<p>Seg\u00fan el Gobierno del Estado, desde el 7 de diciembre y hasta el 7 de enero, implementa un operativo de seguridad por la temporada vacacional decembrina.<\/p>\n\n\n\n<p>Y ayer en Zipolite, San Pedro Pochutla \u2014municipio en que durante la noche asesinaron a un dirigente de transportistas\u2014, los secretarios de Seguridad, Iv\u00e1n Garc\u00eda, y de Turismo, Saymi Pineda, dieron el banderazo de arranque al operativo en la regi\u00f3n Costa.<\/p>\n","protected":false},"excerpt":{"rendered":"<p>Ismael Garc\u00eda M.\/Zona Roja. Oaxaca de Ju\u00e1rez, Oax., a 18 de diciembre de 2022.- En&hellip;<\/p>\n","protected":false},"author":2,"featured_media":48155,"comment_status":"closed","ping_status":"open","sticky":false,"template":"","format":"standard","meta":{"_lmt_disableupdate":"","_lmt_disable":"","_jetpack_memberships_contains_paid_content":false,"footnotes":""},"categories":[109,51],"tags":[797],"class_list":["post-49431","post","type-post","status-publish","format-standard","has-post-thumbnail","hentry","category-minuto-a-minuto","category-zona-roja","tag-santiago-jamiltepec"],"jetpack_featured_media_url":"https:\/\/zonaroja.com.mx\/wp-content\/uploads\/2022\/11\/Asesinatos-violencia-ejecucion-homicidio-escena.jpg","jetpack_sharing_enabled":true,"_links":{"self":[{"href":"https:\/\/zonaroja.com.mx\/index.php?rest_route=\/wp\/v2\/posts\/49431","targetHints":{"allow":["GET"]}}],"collection":[{"href":"https:\/\/zonaroja.com.mx\/index.php?rest_route=\/wp\/v2\/posts"}],"about":[{"href":"https:\/\/zonaroja.com.mx\/index.php?rest_route=\/wp\/v2\/types\/post"}],"author":[{"embeddable":true,"href":"https:\/\/zonaroja.com.mx\/index.php?rest_route=\/wp\/v2\/users\/2"}],"replies":[{"embeddable":true,"href":"https:\/\/zonaroja.com.mx\/index.php?rest_route=%2Fwp%2Fv2%2Fcomments&post=49431"}],"version-history":[{"count":2,"href":"https:\/\/zonaroja.com.mx\/index.php?rest_route=\/wp\/v2\/posts\/49431\/revisions"}],"predecessor-version":[{"id":49433,"href":"https:\/\/zonaroja.com.mx\/index.php?rest_route=\/wp\/v2\/posts\/49431\/revisions\/49433"}],"wp:featuredmedia":[{"embeddable":true,"href":"https:\/\/zonaroja.com.mx\/index.php?rest_route=\/wp\/v2\/media\/48155"}],"wp:attachment":[{"href":"https:\/\/zonaroja.com.mx\/index.php?rest_route=%2Fwp%2Fv2%2Fmedia&parent=49431"}],"wp:term":[{"taxonomy":"category","embeddable":true,"href":"https:\/\/zonaroja.com.mx\/index.php?rest_route=%2Fwp%2Fv2%2Fcategories&post=49431"},{"taxonomy":"post_tag","embeddable":true,"href":"https:\/\/zonaroja.com.mx\/index.php?rest_route=%2Fwp%2Fv2%2Ftags&post=49431"}],"curies":[{"name":"wp","href":"https:\/\/api.w.org\/{rel}","templated":true}]}}