{"id":49434,"date":"2022-12-18T20:55:40","date_gmt":"2022-12-19T02:55:40","guid":{"rendered":"http:\/\/www.zonaroja.com.mx\/?p=49434"},"modified":"2022-12-18T20:55:41","modified_gmt":"2022-12-19T02:55:41","slug":"y-martinez-neri-perdono-y-olvido-desfalco-de-su-antecesor-morenista","status":"publish","type":"post","link":"https:\/\/zonaroja.com.mx\/?p=49434","title":{"rendered":"Y Mart\u00ednez Neri perdon\u00f3 y olvid\u00f3 desfalco de su antecesor morenista"},"content":{"rendered":"\n<p>Yuridiana Sosa\/Zona Roja.<\/p>\n\n\n\n<p>Oaxaca de Ju\u00e1rez, Oax., 18 de diciembre de 2022.- De inicio a fin el primer a\u00f1o de gobierno capitalino de Francisco Mart\u00ednez Neri, estuvo marcado con protestas, el cierre del basurero que le estall\u00f3 a mitad del periodo y las denuncias contra su antecesor por probable desv\u00edo de recursos siguen detenidas a pesar de m\u00faltiples quejas por la deuda que heredaron.<\/p>\n\n\n\n<p>El pasado mi\u00e9rcoles el presidente municipal entreg\u00f3 en sesi\u00f3n solemne de cabildo el informe escrito del ejercicio 2022. Durante la reuni\u00f3n, cada regidur\u00eda ofreci\u00f3 un recuento de sus actividades y acciones, en tanto que el edil emiti\u00f3 al final un mensaje, el cual fue m\u00e1s emotivo que informativo.<\/p>\n\n\n\n<p>Sin embargo, Mart\u00ednez Neri reconoci\u00f3 que este primer a\u00f1o estuvo sellado por dos circunstancias, la primera por la situaci\u00f3n econ\u00f3mica en la que recibieron la administraci\u00f3n con una deuda p\u00fablica de cerca de 400 millones de pesos y la segunda, por el cierre del basurero municipal.<\/p>\n\n\n\n<p>SIN AVANCES CONOCIDOS<\/p>\n\n\n\n<p>El presidente de Oaxaca de Ju\u00e1rez presumi\u00f3 en su breve mensaje, previo al informe social de actividades, de las finanzas sanas con las que cuenta el ayuntamiento, al grado de lograr un pago de 105 millones de pesos de la deuda, hacer frente al problema de la basura y aun as\u00ed no recurrir a pr\u00e9stamos bancarios.<\/p>\n\n\n\n<p>La queja sobre la deuda ha sido constante en su administraci\u00f3n para a partir de ah\u00ed halagar las finanzas actuales, pero el edil ha omitido ofrecer informaci\u00f3n sobre el proceso de investigaci\u00f3n que interpondr\u00eda el actual gobierno contra el saliente a cargo de Oswaldo Garc\u00eda Jarqu\u00edn.<\/p>\n\n\n\n<p>Durante su informe del mes de junio para dar a conocer el estado financiero en el que se recibi\u00f3 la administraci\u00f3n se comprometi\u00f3 p\u00fablicamente a dar vista a la Fiscal\u00eda General de la Rep\u00fablica y a la Fiscal\u00eda General de Oaxaca, as\u00ed como a la Auditor\u00eda Superior de la Federaci\u00f3n y al \u00d3rganos de Fiscalizaci\u00f3n del Estado de Oaxaca para que lleve a cabo las autor\u00edas y dentro de sus competencias act\u00faen seg\u00fan los delitos.<\/p>\n\n\n\n<p>Hasta ahora, el gobierno de Mart\u00ednez Neri no ha ofrecido actualizaci\u00f3n de esta situaci\u00f3n, la cual habr\u00eda quedado s\u00f3lo en manos de la Contralor\u00eda Municipal.<\/p>\n\n\n\n<p>Pues en julio el Cabildo vot\u00f3 en contra de un punto de acuerdo para ordenar al \u00d3rgano de Control Interno Municipal promover ante el \u00d3rgano Fiscalizador de Oaxaca, Fiscal\u00eda Especializada de Combate a la Corrupci\u00f3n , al Tribunal de Justicia Administrativa del Estado de Oaxaca, Secretar\u00eda Ejecutiva del Sistema al combate a la Corrupci\u00f3n y otras instancias, todas las acciones por los hechos e irregularidades presentadas en el informe de recepci\u00f3n, al considerarse innecesaria al ya existir una solicitud de revisi\u00f3n a la Contralor\u00eda Municipal para que se investiguen dichos actos.<\/p>\n\n\n\n<p>MEDIO A\u00d1O DE BASURA<\/p>\n\n\n\n<p>Anunciado desde varios meses antes, y como un problema latente de a\u00f1os atr\u00e1s, el 18 de julio, d\u00edas antes de la Guelaguetza, el basurero municipal ubicado en la Villa de Zaachila cerr\u00f3 por primera vez, hasta ese entonces como un cierre definitivo que afectaba de golpe a 25 municipios de la zona metropolitana de los Valles Centrales. Pero reabri\u00f3 de manera limitada.<\/p>\n\n\n\n<p>Pero a partir de ese entonces las calles de la capital, en zona centro, periferias y colonias comenzaron a ser puntos de tiraderos a cielo abierto que no han tenido control por la falta de un nuevo relleno sanitario.<\/p>\n\n\n\n<p>Tras una pr\u00f3rroga al 8 de octubre, s\u00f3lo para cinco municipios, para la clausura del basurero, el gobierno de Oaxaca de Ju\u00e1rez se volvi\u00f3 a enfrentar al problema del destino final de los residuos s\u00f3lidos al no haber conseguido en tres meses un terreno para sustituir al antiguo tiradero.<\/p>\n\n\n\n<p>Sobre este tema, Mart\u00ednez Neri apunt\u00f3 en su mensaje de este 14 de diciembre que fue \u201cla bomba\u201d les estall\u00f3 a ellos, y para solventar algunas necesidades se han valido de las finanzas sanas para el gasto del traslado de los residuos a otra entidad debido a que ning\u00fan municipio de la entidad quiere recibir la basura de la capital.<\/p>\n\n\n\n<p>La falta de un basurero, y en diversas ocasiones del servicio de recolecci\u00f3n de basura, ha causado m\u00faltiples protestas ciudadanas para exigir soluci\u00f3n, mientras que el propio ayuntamiento cre\u00f3 un segundo tiradero a cielo abierto en riberas del r\u00edo \u201cAtoyac\u201d, luego de permitir la instalaci\u00f3n de uno en la misma \u00e1rea por parte de recolectores particulares agremiados a CATEM.<\/p>\n\n\n\n<p>AMBULANTES Y PROTESTAS<\/p>\n\n\n\n<p>Otro grave problema en la capital, no reconocido por la autoridad, es el crecimiento del ambulantaje y los fallidos operativos para su retiro.<\/p>\n\n\n\n<p>A finales de enero el gobierno de Mart\u00ednez Neri inici\u00f3 con operativos para ordenar, regular y retirar al comercio en v\u00eda p\u00fablica, el cual dej\u00f3 como saldo protestas y hasta enfrentamientos entre vendedores con personal del ayuntamiento, Polic\u00edas Municipales y comercio establecido.<\/p>\n\n\n\n<p>El comercio ambulante se aferr\u00f3 a sus puestos, otros s\u00f3lo se desplazaron a otras calles y recientemente comenz\u00f3 la instalaci\u00f3n de nuevos puestos en plazas p\u00fablicas, como ocurre en la calle de Gurri\u00f3n, a un costado del templo de Santo Domingo de Guzm\u00e1n.<\/p>\n\n\n\n<p>Pero no fueron las \u00fanicas protestas, pues antes de los 100 d\u00edas, Mart\u00ednez Neri ya acumulaba decenas de manifestaciones por habitantes de colonias, agencias y organizaciones sociales, las cuales recib\u00edan con elementos policiales resguardando el acceso al palacio municipal denominado \u201cla casa del pueblo\u201d.<\/p>\n\n\n\n<p>MALAS EVALUACIONES<\/p>\n\n\n\n<p>La segunda administraci\u00f3n de la cuarta transformaci\u00f3n en la capital del estado, encabezada por Francisco Mart\u00ednez Neri, ha recibido desfavorable calificaci\u00f3n en diferentes encuestas realizadas por distintas casas encuestadoras de M\u00e9xico.<\/p>\n\n\n\n<p>El primer mes ya era negativo, pues el ranking \u201cMitofsky 100 Alcaldes y Alcaldes de M\u00e9xico\u201d, situ\u00f3 al presidente de Oaxaca de Ju\u00e1rez en el lugar 97 con 24.7 por ciento de aprobaci\u00f3n.<\/p>\n\n\n\n<p>En el segundo mes repiti\u00f3 la dosis, pero ahora con resultados de la empresa Massive Caller, que inform\u00f3 que Martinez Neri fue calificado como el peor edil de M\u00e9xico.&nbsp;<\/p>\n\n\n\n<p>Pero la situaci\u00f3n no mejor\u00f3, y al octavo mes volvi\u00f3 a colocarse entre los \u00faltimos lugares de la lista nacional. El ranking Mitofsky sobre la evaluaci\u00f3n de 150 alcaldes de M\u00e9xico report\u00f3 que el morenista&nbsp;Mart\u00ednez&nbsp;Neri&nbsp;recibi\u00f3 una desaprobaci\u00f3n del 62.4 por lo que ocupaba la posici\u00f3n 116, entre los de baja calificaci\u00f3n y el peor evaluado en comparaci\u00f3n a sus hom\u00f3logos oaxaque\u00f1os.<\/p>\n\n\n\n<p>En tanto que la Encuesta Nacional de Seguridad P\u00fablica Urbana (ENSU) del primer trimestre de 2022 revel\u00f3 que el 69.9 por ciento de los habitantes de Oaxaca de Ju\u00e1rez consider\u00f3 que viv\u00eda en una ciudad insegura.<\/p>\n\n\n\n<p>El presidente de Oaxaca de Ju\u00e1rez ofrecer\u00e1 el informe ciudadano el pr\u00f3ximo 19 de diciembre, y ser\u00e1 en ese acto cuando ofrezca mayores detalles de sus actividades del primer a\u00f1o de gobierno.&nbsp;<\/p>\n","protected":false},"excerpt":{"rendered":"<p>Yuridiana Sosa\/Zona Roja. Oaxaca de Ju\u00e1rez, Oax., 18 de diciembre de 2022.- De inicio a&hellip;<\/p>\n","protected":false},"author":2,"featured_media":49435,"comment_status":"closed","ping_status":"open","sticky":false,"template":"","format":"standard","meta":{"_lmt_disableupdate":"","_lmt_disable":"","_jetpack_memberships_contains_paid_content":false,"footnotes":""},"categories":[109,47],"tags":[2418],"class_list":["post-49434","post","type-post","status-publish","format-standard","has-post-thumbnail","hentry","category-minuto-a-minuto","category-zona-gris","tag-francisco-martinez-neri"],"jetpack_featured_media_url":"https:\/\/zonaroja.com.mx\/wp-content\/uploads\/2022\/12\/Francisco-Martinez-Neri-y-Oswaldo-Garcia-Jarquin.jpg","jetpack_sharing_enabled":true,"_links":{"self":[{"href":"https:\/\/zonaroja.com.mx\/index.php?rest_route=\/wp\/v2\/posts\/49434","targetHints":{"allow":["GET"]}}],"collection":[{"href":"https:\/\/zonaroja.com.mx\/index.php?rest_route=\/wp\/v2\/posts"}],"about":[{"href":"https:\/\/zonaroja.com.mx\/index.php?rest_route=\/wp\/v2\/types\/post"}],"author":[{"embeddable":true,"href":"https:\/\/zonaroja.com.mx\/index.php?rest_route=\/wp\/v2\/users\/2"}],"replies":[{"embeddable":true,"href":"https:\/\/zonaroja.com.mx\/index.php?rest_route=%2Fwp%2Fv2%2Fcomments&post=49434"}],"version-history":[{"count":1,"href":"https:\/\/zonaroja.com.mx\/index.php?rest_route=\/wp\/v2\/posts\/49434\/revisions"}],"predecessor-version":[{"id":49436,"href":"https:\/\/zonaroja.com.mx\/index.php?rest_route=\/wp\/v2\/posts\/49434\/revisions\/49436"}],"wp:featuredmedia":[{"embeddable":true,"href":"https:\/\/zonaroja.com.mx\/index.php?rest_route=\/wp\/v2\/media\/49435"}],"wp:attachment":[{"href":"https:\/\/zonaroja.com.mx\/index.php?rest_route=%2Fwp%2Fv2%2Fmedia&parent=49434"}],"wp:term":[{"taxonomy":"category","embeddable":true,"href":"https:\/\/zonaroja.com.mx\/index.php?rest_route=%2Fwp%2Fv2%2Fcategories&post=49434"},{"taxonomy":"post_tag","embeddable":true,"href":"https:\/\/zonaroja.com.mx\/index.php?rest_route=%2Fwp%2Fv2%2Ftags&post=49434"}],"curies":[{"name":"wp","href":"https:\/\/api.w.org\/{rel}","templated":true}]}}