{"id":49439,"date":"2022-12-19T07:28:50","date_gmt":"2022-12-19T13:28:50","guid":{"rendered":"http:\/\/www.zonaroja.com.mx\/?p=49439"},"modified":"2022-12-19T07:28:51","modified_gmt":"2022-12-19T13:28:51","slug":"identifican-a-integrantes-de-sindicato-confederacion-joven-como-agresores-de-policias","status":"publish","type":"post","link":"https:\/\/zonaroja.com.mx\/?p=49439","title":{"rendered":"Identifican a integrantes de sindicato Confederaci\u00f3n Joven como agresores de polic\u00edas"},"content":{"rendered":"\n<p>Redacci\u00f3n\/Zona Roja.<\/p>\n\n\n\n<p>Oaxaca de Ju\u00e1rez, Oax., a 19 de diciembre de 2022.- Integrantes de la organizaci\u00f3n Confederaci\u00f3n Joven, fueron denunciados por protagonizar la noche del s\u00e1bado una agresi\u00f3n contra polic\u00edas de la ciudad de Oaxaca.<\/p>\n\n\n\n<p>De acuerdo con reportes informativos, los hechos ocurrieron en calles aleda\u00f1as al Centro Hist\u00f3rico en el que un elemento de vialidad del ayuntamiento fue arrollado por un taxi colectivo, en la calle Zaragoza esquina con 20 de Noviembre.<\/p>\n\n\n\n<p>Tras el hecho, el taxista se dio a la fuga y polic\u00edas municipales iniciaron la b\u00fasqueda y persecuci\u00f3n, sin embargo, fueron enfrentados por transportistas afiliados a la organizaci\u00f3n Confederaci\u00f3n Joven, conocida tambi\u00e9n como CATEM Joven, que dirige Jos\u00e9 Luis Balderas, lo cual desat\u00f3 golpes y disparos de arma de fuego.<\/p>\n\n\n\n<p>Por estos hechos, las autoridades reportaron siete personas detenidas, incluyendo el chofer del taxi con n\u00famero econ\u00f3mico 09-733 TX e identificado como J. U. V. O.<\/p>\n\n\n\n<p>Seg\u00fan lo informado, al lugar lleg\u00f3 el dirigente de los transportistas Jos\u00e9 Luis Balderas para tratar de remediar la situaci\u00f3n y pretender la liberaci\u00f3n de sus taxistas, pero fueron remitidos a las autoridades correspondientes.<\/p>\n\n\n\n<p>Cabe se\u00f1alar que esta no es la \u00fanica ocasi\u00f3n en que Confederaci\u00f3n Joven ha sido acusado de realizan actos violentos, pues presumen de sus relaciones y amistad con No\u00e9 Jara Cruz, hermano del gobernador Salom\u00f3n Jara Cruz, seg\u00fan las denuncias en redes sociales.<\/p>\n\n\n\n<p>Adem\u00e1s, han presumido fotograf\u00edas como algunos funcionarios como la directora del Cecyte Oaxaca, Blanca Mart\u00ednez Guzm\u00e1n y otros funcionarios estatales m\u00e1s.<\/p>\n\n\n\n<p>Recientemente, No\u00e9 Jara encabez\u00f3 tambi\u00e9n un evento en Plaza Bella, con transportistas de CATEM Joven o Confederaci\u00f3n Joven, al que acudi\u00f3 Erick N., a quien horas despu\u00e9s asesinaron en San Juan Chapultepec, junto con otras dos personas femeninas.<\/p>\n\n\n\n<p>Recientemente tambi\u00e9n el gobernador morenista Salom\u00f3n Jara Cruz hab\u00eda dicho que no habr\u00eda tolerancia ni pacto con organizaciones de transportistas violentos, por lo cual la sociedad oaxaque\u00f1a le ha demandado que act\u00fae contra ellos, para acabar con la impunidad, tal como lo prometi\u00f3 en campa\u00f1a pol\u00edtica.<\/p>\n","protected":false},"excerpt":{"rendered":"<p>Redacci\u00f3n\/Zona Roja. Oaxaca de Ju\u00e1rez, Oax., a 19 de diciembre de 2022.- Integrantes de la&hellip;<\/p>\n","protected":false},"author":2,"featured_media":49440,"comment_status":"closed","ping_status":"open","sticky":false,"template":"","format":"standard","meta":{"_lmt_disableupdate":"","_lmt_disable":"","_jetpack_memberships_contains_paid_content":false,"footnotes":""},"categories":[109,47],"tags":[3244],"class_list":["post-49439","post","type-post","status-publish","format-standard","has-post-thumbnail","hentry","category-minuto-a-minuto","category-zona-gris","tag-confederacion-joven-transportistas"],"jetpack_featured_media_url":"https:\/\/zonaroja.com.mx\/wp-content\/uploads\/2022\/12\/Rina-taxistas-ciudad-de-Oaxaca-balazos.jpeg","jetpack_sharing_enabled":true,"_links":{"self":[{"href":"https:\/\/zonaroja.com.mx\/index.php?rest_route=\/wp\/v2\/posts\/49439","targetHints":{"allow":["GET"]}}],"collection":[{"href":"https:\/\/zonaroja.com.mx\/index.php?rest_route=\/wp\/v2\/posts"}],"about":[{"href":"https:\/\/zonaroja.com.mx\/index.php?rest_route=\/wp\/v2\/types\/post"}],"author":[{"embeddable":true,"href":"https:\/\/zonaroja.com.mx\/index.php?rest_route=\/wp\/v2\/users\/2"}],"replies":[{"embeddable":true,"href":"https:\/\/zonaroja.com.mx\/index.php?rest_route=%2Fwp%2Fv2%2Fcomments&post=49439"}],"version-history":[{"count":1,"href":"https:\/\/zonaroja.com.mx\/index.php?rest_route=\/wp\/v2\/posts\/49439\/revisions"}],"predecessor-version":[{"id":49441,"href":"https:\/\/zonaroja.com.mx\/index.php?rest_route=\/wp\/v2\/posts\/49439\/revisions\/49441"}],"wp:featuredmedia":[{"embeddable":true,"href":"https:\/\/zonaroja.com.mx\/index.php?rest_route=\/wp\/v2\/media\/49440"}],"wp:attachment":[{"href":"https:\/\/zonaroja.com.mx\/index.php?rest_route=%2Fwp%2Fv2%2Fmedia&parent=49439"}],"wp:term":[{"taxonomy":"category","embeddable":true,"href":"https:\/\/zonaroja.com.mx\/index.php?rest_route=%2Fwp%2Fv2%2Fcategories&post=49439"},{"taxonomy":"post_tag","embeddable":true,"href":"https:\/\/zonaroja.com.mx\/index.php?rest_route=%2Fwp%2Fv2%2Ftags&post=49439"}],"curies":[{"name":"wp","href":"https:\/\/api.w.org\/{rel}","templated":true}]}}