{"id":4944,"date":"2019-10-18T20:32:19","date_gmt":"2019-10-19T01:32:19","guid":{"rendered":"http:\/\/www.zonaroja.com.mx\/?p=4944"},"modified":"2019-10-18T20:32:22","modified_gmt":"2019-10-19T01:32:22","slug":"entre-criticas-inicia-este-sabado-feria-del-libro-oaxaca-2019","status":"publish","type":"post","link":"https:\/\/zonaroja.com.mx\/?p=4944","title":{"rendered":"Entre cr\u00edticas, inicia este s\u00e1bado Feria del Libro Oaxaca 2019"},"content":{"rendered":"\n<p>Redacci\u00f3n\/Zona Roja.<\/p>\n\n\n\n<p>Oaxaca de Ju\u00e1rez, Oax., 18 de octubre\nde 2019.- Entre cr\u00edticas de organizaciones feministas como \u201cMarea Verde\u201d, este\ns\u00e1bado a las 10:00 horas ser\u00e1 inaugurada la 39 Feria Internacional del Libro de\nOaxaca (FILO), en el Centro Cultural y de Convenciones, ubicado en Santa Luc\u00eda\ndel Camino.<\/p>\n\n\n\n<p>El encuentro literario y festival de\nfomento a la lectura ofrecer\u00e1 hasta el 27 de octubre nueve d\u00edas de intensa\nactividad cultural con alrededor de 500 actividades y casi 400 artistas\nasistentes del pa\u00eds y el mundo.<\/p>\n\n\n\n<p>Con al menos 65 por ciento de su\npresencia en su lista de invitadas e invitados, tendr\u00e1 como protagonistas a las\nmujeres, y es que el programa literario, el m\u00e1s amplio de la FILO, cont\u00f3 con la\nasesor\u00eda de un comit\u00e9 formado por las autoras Y\u00e1snaya Aguilar, Jazmina Barrera,\nVer\u00f3nica Gerber Bicecci, Tanya Huntington, Yolanda Segura e Isabel Zapata. <\/p>\n\n\n\n<p>Asimismo, con Guadalupe \u00c1ngela, Karina\nSosa y Abril Castillo como consejeras.<\/p>\n\n\n\n<p>Dicho equipo proyect\u00f3 una serie de\nmesas y charlas en las cuales se abordar\u00e1n temas de inter\u00e9s general con\nperspectiva femenina, tales como disidencias sexuales y corporalidades\ndiversas, colonialismos, pensar los futuros, mujeres ind\u00edgenas y luchas por el\nterritorio, reescritura de la tradici\u00f3n, entre otros.<\/p>\n\n\n\n<p>Adem\u00e1s del programa literario, se\nofrecer\u00e1n FILO Chamacos, FILO J\u00f3venes, Suena la FILO, Programa Literario y\nPrograma de Profesionales, cada uno pensado para ofrecer actividades especiales\na distintos p\u00fablicos, divididos ya sea por edad u ocupaci\u00f3n.<\/p>\n\n\n\n<p>Asimismo, se recordar\u00e1 al artista,\nactivista y fil\u00e1ntropo Francisco Toledo, a trav\u00e9s de una instalaci\u00f3n con sus\nemblem\u00e1ticos papalotes en la FILO. <\/p>\n\n\n\n<p>Igualmente, se dotar\u00e1 de libros a\nalgunas de las bibliotecas que el maestro impuls\u00f3 en a\u00f1os recientes: Biblioteca\nde San Agust\u00edn Etla, DEMA (Direcci\u00f3n de Ejecuci\u00f3n de Medidas para\nAdolescentes), el Penal de Ixcotel, as\u00ed como el Anexo Psiqui\u00e1trico y el Penal\nde Tanivet.<\/p>\n\n\n\n<p>Tambi\u00e9n se homenajear\u00e1 a la autora y\npromotora de literatura infantil Yolanda Reyes, y de manera p\u00f3stuma se dar\u00e1 el\nReconocimiento FILO a la Trayectoria a los poetas oaxaque\u00f1os Jos\u00e9 Molina y\nRoc\u00edo Gonz\u00e1lez.<\/p>\n\n\n\n<p>RECONOCIMIENTOS<\/p>\n\n\n\n<p>Por sexta ocasi\u00f3n se entregar\u00e1 el\nPremio Internacional de Literatura Aura Estrada, el cual reconoce de manera\nbienal a una escritora de 18 a 35 a\u00f1os de edad. <\/p>\n\n\n\n<p>En esta edici\u00f3n la ganadora es la\nescritora mexicana Natalia Trigo Acu\u00f1a, por la novela \u201cMarfa\u201d. <\/p>\n\n\n\n<p>Igualmente, se otorgar\u00e1 por primea vez\nel Premio Bellas Artes de Literatura en Lenguas Ind\u00edgenas a Carlos D\u00e1maso\nEspa\u00f1a (Kalu Tatyisavi), originario de Tlaxiaco, Oaxaca, por su escrito en\nlengua tu&#8217;un savi (mixteco).<\/p>\n\n\n\n<p>La 39FILO se llevar\u00e1 a cabo del 19 al\n27 de octubre en el Centro Cultural y de Convenciones de Oaxaca (CCCO). Todas\nsus actividades son gratuitas y el programa puede ser consultado en <a href=\"http:\/\/www.filoaxaca.com\">www.filoaxaca.com<\/a><\/p>\n","protected":false},"excerpt":{"rendered":"<p>Redacci\u00f3n\/Zona Roja. Oaxaca de Ju\u00e1rez, Oax., 18 de octubre de 2019.- Entre cr\u00edticas de organizaciones&hellip;<\/p>\n","protected":false},"author":2,"featured_media":4945,"comment_status":"closed","ping_status":"open","sticky":false,"template":"","format":"standard","meta":{"_lmt_disableupdate":"","_lmt_disable":"","_jetpack_memberships_contains_paid_content":false,"footnotes":""},"categories":[109,46],"tags":[850],"class_list":["post-4944","post","type-post","status-publish","format-standard","has-post-thumbnail","hentry","category-minuto-a-minuto","category-zona-blanca","tag-feria-internacional-del-libro-oaxaca-filo"],"jetpack_featured_media_url":"https:\/\/zonaroja.com.mx\/wp-content\/uploads\/2019\/10\/IMG_9558.jpg","jetpack_sharing_enabled":true,"_links":{"self":[{"href":"https:\/\/zonaroja.com.mx\/index.php?rest_route=\/wp\/v2\/posts\/4944","targetHints":{"allow":["GET"]}}],"collection":[{"href":"https:\/\/zonaroja.com.mx\/index.php?rest_route=\/wp\/v2\/posts"}],"about":[{"href":"https:\/\/zonaroja.com.mx\/index.php?rest_route=\/wp\/v2\/types\/post"}],"author":[{"embeddable":true,"href":"https:\/\/zonaroja.com.mx\/index.php?rest_route=\/wp\/v2\/users\/2"}],"replies":[{"embeddable":true,"href":"https:\/\/zonaroja.com.mx\/index.php?rest_route=%2Fwp%2Fv2%2Fcomments&post=4944"}],"version-history":[{"count":1,"href":"https:\/\/zonaroja.com.mx\/index.php?rest_route=\/wp\/v2\/posts\/4944\/revisions"}],"predecessor-version":[{"id":4946,"href":"https:\/\/zonaroja.com.mx\/index.php?rest_route=\/wp\/v2\/posts\/4944\/revisions\/4946"}],"wp:featuredmedia":[{"embeddable":true,"href":"https:\/\/zonaroja.com.mx\/index.php?rest_route=\/wp\/v2\/media\/4945"}],"wp:attachment":[{"href":"https:\/\/zonaroja.com.mx\/index.php?rest_route=%2Fwp%2Fv2%2Fmedia&parent=4944"}],"wp:term":[{"taxonomy":"category","embeddable":true,"href":"https:\/\/zonaroja.com.mx\/index.php?rest_route=%2Fwp%2Fv2%2Fcategories&post=4944"},{"taxonomy":"post_tag","embeddable":true,"href":"https:\/\/zonaroja.com.mx\/index.php?rest_route=%2Fwp%2Fv2%2Ftags&post=4944"}],"curies":[{"name":"wp","href":"https:\/\/api.w.org\/{rel}","templated":true}]}}