{"id":49444,"date":"2022-12-19T08:30:00","date_gmt":"2022-12-19T14:30:00","guid":{"rendered":"http:\/\/www.zonaroja.com.mx\/?p=49444"},"modified":"2022-12-19T07:41:25","modified_gmt":"2022-12-19T13:41:25","slug":"torturan-y-asesinan-en-la-cdmx-a-actor-su-hermano-y-su-tio","status":"publish","type":"post","link":"https:\/\/zonaroja.com.mx\/?p=49444","title":{"rendered":"Torturan y asesinan en la Cdmx a actor, su hermano y su t\u00edo"},"content":{"rendered":"\n<p>Redacci\u00f3n\/Zona Roja Cdmx.<\/p>\n\n\n\n<p>Ciudad de M\u00e9xico, a 19 de diciembre de 2022.- La Fiscal\u00eda de la Ciudad de M\u00e9xico abri\u00f3 una investigaci\u00f3n por el hallazgo de tres cad\u00e1veres en un domicilio de la colonia Roma Norte, alcald\u00eda Cuauht\u00e9moc, en la Cdmx.<\/p>\n\n\n\n<p>Se trata de los hermanos Jorge y Andr\u00e9s Tirado, reportados como desaparecidos este viernes en Ciudad de M\u00e9xico, as\u00ed como su t\u00edo Jos\u00e9 Gonz\u00e1lez, de acuerdo a Aristegui Noticias.<\/p>\n\n\n\n<p>Los hermanos fueron vistos por \u00faltima vez en un veh\u00edculo Onix 2021, con placas de Jalisco. Andr\u00e9s Tirado era un joven actor egresado del Centro Universitario de Teatro de la UNAM.<\/p>\n\n\n\n<p>Particip\u00f3 en producciones como \u201cKing Kong Cabaret\u201d, dirigida por Lorena Maza, y \u201cPalinuro en la Escalera\u201d o \u201cEl Arte de la Comedia\u201d dirigido por Mario Espinosa y Clarissa Malheiros.<\/p>\n\n\n\n<p>Trabaj\u00f3 en obras como \u201cEl Ensayo\u201d (\u201cTen out of Twelve\u201d) de Anne Washburn, montaje de Por Piedad Teatro, y el musical \u201cRentas Congeladas\u201d de Sergio Maga\u00f1a. Ha trabajado con directores internacionales como Amilcar Borges (Brasil), Javier D\u00edaz Dalannais (Chile) y Amiar Souphiene (Italia).<\/p>\n\n\n\n<p>El asunto fue tomado por el Ministerio P\u00fablico de la Coordinaci\u00f3n General de Investigaci\u00f3n de Delitos de Alto Impacto.<\/p>\n\n\n\n<p>Elementos de Investigaci\u00f3n Forense y Servicios Periciales, expertos en las materias de criminal\u00edstica, gen\u00e9tica, dactiloscopia, qu\u00edmica y fotograf\u00eda ya trabajan en la zona para buscar pruebas.<\/p>\n\n\n\n<p>Ministeriales levantaron los cuerpos y realizar\u00e1n los dict\u00e1menes correspondientes para determinar las causas de muerte.<\/p>\n\n\n\n<p>Se orden\u00f3 a la Polic\u00eda de Investigaci\u00f3n (PDI) la b\u00fasqueda de testigos as\u00ed como de im\u00e1genes de videoc\u00e1maras de vigilancia.<\/p>\n\n\n\n<p>Una c\u00e9lula multidisciplinaria de la Direcci\u00f3n General de Atenci\u00f3n a V\u00edctimas brinda acompa\u00f1amiento psicol\u00f3gico y jur\u00eddico a familiares de las personas fallecidas.<\/p>\n\n\n\n<p>La fiscal\u00eda contin\u00faa las investigaciones sobre los hechos, \u201cno obstante, ser\u00e1 la necropsia de Ley, la que determine la causa de la muerte de dichas personas\u201d.<\/p>\n\n\n\n<p>(Informaci\u00f3n del portal&nbsp; \u201cR\u00edo Doce\u201d)<\/p>\n","protected":false},"excerpt":{"rendered":"<p>Redacci\u00f3n\/Zona Roja Cdmx. Ciudad de M\u00e9xico, a 19 de diciembre de 2022.- La Fiscal\u00eda de&hellip;<\/p>\n","protected":false},"author":2,"featured_media":49445,"comment_status":"closed","ping_status":"open","sticky":false,"template":"","format":"standard","meta":{"_lmt_disableupdate":"","_lmt_disable":"","_jetpack_memberships_contains_paid_content":false,"footnotes":""},"categories":[109,51],"tags":[],"class_list":["post-49444","post","type-post","status-publish","format-standard","has-post-thumbnail","hentry","category-minuto-a-minuto","category-zona-roja"],"jetpack_featured_media_url":"https:\/\/zonaroja.com.mx\/wp-content\/uploads\/2022\/12\/Actor-hermano-y-tio-asesinados-en-Cdmx.jpeg","jetpack_sharing_enabled":true,"_links":{"self":[{"href":"https:\/\/zonaroja.com.mx\/index.php?rest_route=\/wp\/v2\/posts\/49444","targetHints":{"allow":["GET"]}}],"collection":[{"href":"https:\/\/zonaroja.com.mx\/index.php?rest_route=\/wp\/v2\/posts"}],"about":[{"href":"https:\/\/zonaroja.com.mx\/index.php?rest_route=\/wp\/v2\/types\/post"}],"author":[{"embeddable":true,"href":"https:\/\/zonaroja.com.mx\/index.php?rest_route=\/wp\/v2\/users\/2"}],"replies":[{"embeddable":true,"href":"https:\/\/zonaroja.com.mx\/index.php?rest_route=%2Fwp%2Fv2%2Fcomments&post=49444"}],"version-history":[{"count":1,"href":"https:\/\/zonaroja.com.mx\/index.php?rest_route=\/wp\/v2\/posts\/49444\/revisions"}],"predecessor-version":[{"id":49446,"href":"https:\/\/zonaroja.com.mx\/index.php?rest_route=\/wp\/v2\/posts\/49444\/revisions\/49446"}],"wp:featuredmedia":[{"embeddable":true,"href":"https:\/\/zonaroja.com.mx\/index.php?rest_route=\/wp\/v2\/media\/49445"}],"wp:attachment":[{"href":"https:\/\/zonaroja.com.mx\/index.php?rest_route=%2Fwp%2Fv2%2Fmedia&parent=49444"}],"wp:term":[{"taxonomy":"category","embeddable":true,"href":"https:\/\/zonaroja.com.mx\/index.php?rest_route=%2Fwp%2Fv2%2Fcategories&post=49444"},{"taxonomy":"post_tag","embeddable":true,"href":"https:\/\/zonaroja.com.mx\/index.php?rest_route=%2Fwp%2Fv2%2Ftags&post=49444"}],"curies":[{"name":"wp","href":"https:\/\/api.w.org\/{rel}","templated":true}]}}