{"id":49447,"date":"2022-12-19T11:41:00","date_gmt":"2022-12-19T17:41:00","guid":{"rendered":"http:\/\/www.zonaroja.com.mx\/?p=49447"},"modified":"2022-12-19T07:43:57","modified_gmt":"2022-12-19T13:43:57","slug":"la-oms-contempla-fin-de-emergencias-sanitarias-en-el-2023","status":"publish","type":"post","link":"https:\/\/zonaroja.com.mx\/?p=49447","title":{"rendered":"La OMS contempla fin de emergencias sanitarias en el 2023"},"content":{"rendered":"\n<p>Redacci\u00f3n\/Zona Roja Cdmx.<\/p>\n\n\n\n<p>Ciudad de M\u00e9xico, a 19 de diciembre de 2022.- La emergencia internacional declarada por la Organizaci\u00f3n Mundial de la Salud (OMS) en 2020 por el Covid-19 \u201cpodr\u00eda terminar en alg\u00fan momento del pr\u00f3ximo a\u00f1o\u201d, vaticin\u00f3 en rueda de prensa el director general del organismo, Tedros Adhanom Ghebreyesus.<\/p>\n\n\n\n<p>\u201cHace un a\u00f1o la variante \u00f3micron mataba 50 mil personas cada semana, y la semana pasada fueron menos de 10 mil, una cifra que a\u00fan es excesiva pero marca una buena trayectoria, por lo que esperamos que en alg\u00fan momento deje de ser una emergencia global\u201d, destac\u00f3 Tedros en rueda de prensa para repasar la labor de la OMS en 2022.<\/p>\n\n\n\n<p>Sin embargo, \u201cel coronavirus no va a desaparecer, se mantendr\u00e1 y los pa\u00edses tendr\u00e1n que aprender a gestionarlo junto a otros problemas respiratorios como la gripe\u201d, afirm\u00f3 Tedros, quien tambi\u00e9n valor\u00f3 que el descenso del 90 por ciento en los casos de mpox invita al optimismo respecto a un fin de esa crisis sanitaria el pr\u00f3ximo a\u00f1o.<\/p>\n\n\n\n<p>Un estudio de laboratorio sudafricano que&nbsp;utiliz\u00f3 muestras de Covid-19&nbsp;de una persona inmunosuprimida durante seis meses,&nbsp;mostr\u00f3 que el virus evolucion\u00f3 para volverse m\u00e1s pat\u00f3geno, lo que indica que&nbsp;una nueva variante podr\u00eda causar m\u00e1s enfermedades que la cepa \u00f3micron predominante actual.<\/p>\n\n\n\n<p>El estudio, realizado por el mismo laboratorio que iba a probar por primera vez la cepa \u00f3micron contra las vacunas el a\u00f1o pasado, utiliz\u00f3 muestras de una persona infectada con el VIH. Durante los seis meses, el virus caus\u00f3 inicialmente el mismo nivel de fusi\u00f3n celular y muerte que&nbsp;la cepa \u00f3micron BA.1,&nbsp;pero a medida que evolucion\u00f3, esos niveles aumentaron hasta volverse similares a la primera versi\u00f3n de Covid-19 identificada en Wuhan, China.<\/p>\n\n\n\n<p>El estudio, dirigido por Alex Sigal del&nbsp;Africa Health Research Institute&nbsp;en la ciudad sudafricana de Durban, indica que el pat\u00f3geno del COVID-19&nbsp;podr\u00eda seguir mutando&nbsp;y que una nueva variante podr\u00eda causar una enfermedad m\u00e1s grave y la muerte que la cepa omicron relativamente leve. El estudio a\u00fan no ha sido revisado por pares y se basa \u00fanicamente en el trabajo de laboratorio en muestras de un individuo.<\/p>\n","protected":false},"excerpt":{"rendered":"<p>Redacci\u00f3n\/Zona Roja Cdmx. Ciudad de M\u00e9xico, a 19 de diciembre de 2022.- La emergencia internacional&hellip;<\/p>\n","protected":false},"author":2,"featured_media":39523,"comment_status":"closed","ping_status":"open","sticky":false,"template":"","format":"standard","meta":{"_lmt_disableupdate":"","_lmt_disable":"","_jetpack_memberships_contains_paid_content":false,"footnotes":""},"categories":[109,47],"tags":[1510],"class_list":["post-49447","post","type-post","status-publish","format-standard","has-post-thumbnail","hentry","category-minuto-a-minuto","category-zona-gris","tag-coronavirus-pandemia-global"],"jetpack_featured_media_url":"https:\/\/zonaroja.com.mx\/wp-content\/uploads\/2022\/04\/Covid-coronavirus-Shangai-China.jpeg","jetpack_sharing_enabled":true,"_links":{"self":[{"href":"https:\/\/zonaroja.com.mx\/index.php?rest_route=\/wp\/v2\/posts\/49447","targetHints":{"allow":["GET"]}}],"collection":[{"href":"https:\/\/zonaroja.com.mx\/index.php?rest_route=\/wp\/v2\/posts"}],"about":[{"href":"https:\/\/zonaroja.com.mx\/index.php?rest_route=\/wp\/v2\/types\/post"}],"author":[{"embeddable":true,"href":"https:\/\/zonaroja.com.mx\/index.php?rest_route=\/wp\/v2\/users\/2"}],"replies":[{"embeddable":true,"href":"https:\/\/zonaroja.com.mx\/index.php?rest_route=%2Fwp%2Fv2%2Fcomments&post=49447"}],"version-history":[{"count":1,"href":"https:\/\/zonaroja.com.mx\/index.php?rest_route=\/wp\/v2\/posts\/49447\/revisions"}],"predecessor-version":[{"id":49448,"href":"https:\/\/zonaroja.com.mx\/index.php?rest_route=\/wp\/v2\/posts\/49447\/revisions\/49448"}],"wp:featuredmedia":[{"embeddable":true,"href":"https:\/\/zonaroja.com.mx\/index.php?rest_route=\/wp\/v2\/media\/39523"}],"wp:attachment":[{"href":"https:\/\/zonaroja.com.mx\/index.php?rest_route=%2Fwp%2Fv2%2Fmedia&parent=49447"}],"wp:term":[{"taxonomy":"category","embeddable":true,"href":"https:\/\/zonaroja.com.mx\/index.php?rest_route=%2Fwp%2Fv2%2Fcategories&post=49447"},{"taxonomy":"post_tag","embeddable":true,"href":"https:\/\/zonaroja.com.mx\/index.php?rest_route=%2Fwp%2Fv2%2Ftags&post=49447"}],"curies":[{"name":"wp","href":"https:\/\/api.w.org\/{rel}","templated":true}]}}