{"id":49449,"date":"2022-12-19T09:20:00","date_gmt":"2022-12-19T15:20:00","guid":{"rendered":"http:\/\/www.zonaroja.com.mx\/?p=49449"},"modified":"2022-12-19T07:55:24","modified_gmt":"2022-12-19T13:55:24","slug":"cumple-dos-semanas-de-retencion-un-policia-municipal-en-san-martin-peras","status":"publish","type":"post","link":"https:\/\/zonaroja.com.mx\/?p=49449","title":{"rendered":"Cumple dos semanas de retenci\u00f3n un polic\u00eda municipal en San Mart\u00edn Peras"},"content":{"rendered":"\n<p>Ismael Garc\u00eda M.\/Zona Roja.<\/p>\n\n\n\n<p>Oaxaca de Ju\u00e1rez, Oax., a 10 de diciembre de 2022.- Un polic\u00eda municipal de San Mart\u00edn Peras cumpli\u00f3 dos semanas de retenci\u00f3n en la c\u00e1rcel local, por parte de opositores a la autoridad municipal.<\/p>\n\n\n\n<p>No obstante, para el Gobierno del Estado la problem\u00e1tica termin\u00f3 la semana pasada, en que fueron liberadas las dos mujeres encarceladas y se firm\u00f3 una minuta para efectuar la elecci\u00f3n de autoridades.<\/p>\n\n\n\n<p>Se trata de Rutilio Cruz Gonz\u00e1lez, quien fue golpeado y permanece sin alimentos en una celda, seg\u00fan un video que fue difundido en las redes sociales.<\/p>\n\n\n\n<p>Para liberarlo, el grupo que encabeza el aspirante a la presidencia municipal, Elpidio Ram\u00edrez Morales, exige el pago de 200 mil pesos, sin argumentar el cobro.<\/p>\n\n\n\n<p>El polic\u00eda municipal fue retenido desde el pasado 7 de diciembre, cinco d\u00edas despu\u00e9s que lo hicieron con dos mujeres, esposa y suegra del presidente municipal Rom\u00e1n Ju\u00e1rez Cruz.<\/p>\n\n\n\n<p>Sin embargo, tras presiones de los familiares y activistas en la capital oaxaque\u00f1a, ellas fueron liberadas la madrugada del mi\u00e9rcoles 14 de diciembre.<\/p>\n\n\n\n<p>En el caso del polic\u00eda municipal, sus familiares y autoridades formales acusan que la Defensor\u00eda de los Derechos Humanos del Pueblo de Oaxaca y la Secretar\u00eda de Gobierno se olvidaron del caso.<\/p>\n\n\n\n<p>Tampoco han actuado respecto a las personas con armas de grueso calibre que portan los opositores al edil, y que mantienen en su poder el palacio municipal.<\/p>\n","protected":false},"excerpt":{"rendered":"<p>Ismael Garc\u00eda M.\/Zona Roja. Oaxaca de Ju\u00e1rez, Oax., a 10 de diciembre de 2022.- Un&hellip;<\/p>\n","protected":false},"author":2,"featured_media":15694,"comment_status":"closed","ping_status":"open","sticky":false,"template":"","format":"standard","meta":{"_lmt_disableupdate":"","_lmt_disable":"","_jetpack_memberships_contains_paid_content":false,"footnotes":""},"categories":[109,47],"tags":[1872],"class_list":["post-49449","post","type-post","status-publish","format-standard","has-post-thumbnail","hentry","category-minuto-a-minuto","category-zona-gris","tag-san-martin-peras"],"jetpack_featured_media_url":"https:\/\/zonaroja.com.mx\/wp-content\/uploads\/2020\/07\/San-Mart\u00edn-Peras-2.jpg","jetpack_sharing_enabled":true,"_links":{"self":[{"href":"https:\/\/zonaroja.com.mx\/index.php?rest_route=\/wp\/v2\/posts\/49449","targetHints":{"allow":["GET"]}}],"collection":[{"href":"https:\/\/zonaroja.com.mx\/index.php?rest_route=\/wp\/v2\/posts"}],"about":[{"href":"https:\/\/zonaroja.com.mx\/index.php?rest_route=\/wp\/v2\/types\/post"}],"author":[{"embeddable":true,"href":"https:\/\/zonaroja.com.mx\/index.php?rest_route=\/wp\/v2\/users\/2"}],"replies":[{"embeddable":true,"href":"https:\/\/zonaroja.com.mx\/index.php?rest_route=%2Fwp%2Fv2%2Fcomments&post=49449"}],"version-history":[{"count":1,"href":"https:\/\/zonaroja.com.mx\/index.php?rest_route=\/wp\/v2\/posts\/49449\/revisions"}],"predecessor-version":[{"id":49450,"href":"https:\/\/zonaroja.com.mx\/index.php?rest_route=\/wp\/v2\/posts\/49449\/revisions\/49450"}],"wp:featuredmedia":[{"embeddable":true,"href":"https:\/\/zonaroja.com.mx\/index.php?rest_route=\/wp\/v2\/media\/15694"}],"wp:attachment":[{"href":"https:\/\/zonaroja.com.mx\/index.php?rest_route=%2Fwp%2Fv2%2Fmedia&parent=49449"}],"wp:term":[{"taxonomy":"category","embeddable":true,"href":"https:\/\/zonaroja.com.mx\/index.php?rest_route=%2Fwp%2Fv2%2Fcategories&post=49449"},{"taxonomy":"post_tag","embeddable":true,"href":"https:\/\/zonaroja.com.mx\/index.php?rest_route=%2Fwp%2Fv2%2Ftags&post=49449"}],"curies":[{"name":"wp","href":"https:\/\/api.w.org\/{rel}","templated":true}]}}