{"id":49454,"date":"2022-12-19T08:09:06","date_gmt":"2022-12-19T14:09:06","guid":{"rendered":"http:\/\/www.zonaroja.com.mx\/?p=49454"},"modified":"2022-12-19T08:09:08","modified_gmt":"2022-12-19T14:09:08","slug":"con-violencia-terminan-elecciones-en-san-lucas-zoquiapam","status":"publish","type":"post","link":"https:\/\/zonaroja.com.mx\/?p=49454","title":{"rendered":"Con violencia terminan elecciones en San Lucas Zoqui\u00e1pam"},"content":{"rendered":"\n<p>Redacci\u00f3n\/Zona Roja.<\/p>\n\n\n\n<p>Oaxaca de Ju\u00e1rez, Oax., a 19 de diciembre de 2022.- Con quema de veh\u00edculos, retenci\u00f3n de funcionarios del IEEPCO y agresiones culmin\u00f3 ayer la elecci\u00f3n de autoridades de San Lucas Zoquiapam, municipio de la regi\u00f3n Ca\u00f1ada de Oaxaca.<\/p>\n\n\n\n<p>La contienda, seg\u00fan resultados preliminares, la gan\u00f3 Mucio Carrera Hern\u00e1ndez con mil 477 votos, por mil 165 de su cercano competidor, Sergio Mart\u00ednez Garc\u00eda.<\/p>\n\n\n\n<p>Ante ello, seguidores de este \u00faltimo, presuntamente financiado por el Partido Revolucionario Institucional, azuz\u00f3 la violencia.<\/p>\n\n\n\n<p>La autoridad municipal de San Lucas Zoqui\u00e1pam responsabiliz\u00f3, que encabeza Alfredo Carrera Hern\u00e1ndez, culp\u00f3 a a los diputados priistas Alejandro Avil\u00e9s y Liz Concha, as\u00ed como al padre de \u00e9sta, Elpidio Concha Arellano, de los actos violentos en el municipio.<\/p>\n\n\n\n<p>Todos son seguidores y operadores del PRI quienes causaron destrozos y quema de veh\u00edculos en el palacio municipal, denunciaron.<\/p>\n\n\n\n<p>\u201cEn mi calidad de presidente les exijo que no generen m\u00e1s violencia y pido al Gobierno del Estado que encabeza Salom\u00f3n Jara Cruz intervenga para la soluci\u00f3n inmediata para restablecer la paz en nuestro municipio\u201d, dijo el hermano del candidato ganador.<\/p>\n\n\n\n<p>Los trabajadores del Instituto Estatal Electoral y de Participaci\u00f3n Ciudadana finalmente fueron liberados anoche y pudieron salir de esa comunidad; no obstante, hasta ahora no hay actuaci\u00f3n de la autoridad por los hechos vand\u00e1licos.<\/p>\n","protected":false},"excerpt":{"rendered":"<p>Redacci\u00f3n\/Zona Roja. Oaxaca de Ju\u00e1rez, Oax., a 19 de diciembre de 2022.- Con quema de&hellip;<\/p>\n","protected":false},"author":2,"featured_media":49455,"comment_status":"closed","ping_status":"open","sticky":false,"template":"","format":"standard","meta":{"_lmt_disableupdate":"","_lmt_disable":"","_jetpack_memberships_contains_paid_content":false,"footnotes":""},"categories":[109,47],"tags":[1157],"class_list":["post-49454","post","type-post","status-publish","format-standard","has-post-thumbnail","hentry","category-minuto-a-minuto","category-zona-gris","tag-san-lucas-zoquiapam"],"jetpack_featured_media_url":"https:\/\/zonaroja.com.mx\/wp-content\/uploads\/2022\/12\/Incendio-San-Lucas-Zoquiapam-elecciones.jpeg","jetpack_sharing_enabled":true,"_links":{"self":[{"href":"https:\/\/zonaroja.com.mx\/index.php?rest_route=\/wp\/v2\/posts\/49454","targetHints":{"allow":["GET"]}}],"collection":[{"href":"https:\/\/zonaroja.com.mx\/index.php?rest_route=\/wp\/v2\/posts"}],"about":[{"href":"https:\/\/zonaroja.com.mx\/index.php?rest_route=\/wp\/v2\/types\/post"}],"author":[{"embeddable":true,"href":"https:\/\/zonaroja.com.mx\/index.php?rest_route=\/wp\/v2\/users\/2"}],"replies":[{"embeddable":true,"href":"https:\/\/zonaroja.com.mx\/index.php?rest_route=%2Fwp%2Fv2%2Fcomments&post=49454"}],"version-history":[{"count":1,"href":"https:\/\/zonaroja.com.mx\/index.php?rest_route=\/wp\/v2\/posts\/49454\/revisions"}],"predecessor-version":[{"id":49456,"href":"https:\/\/zonaroja.com.mx\/index.php?rest_route=\/wp\/v2\/posts\/49454\/revisions\/49456"}],"wp:featuredmedia":[{"embeddable":true,"href":"https:\/\/zonaroja.com.mx\/index.php?rest_route=\/wp\/v2\/media\/49455"}],"wp:attachment":[{"href":"https:\/\/zonaroja.com.mx\/index.php?rest_route=%2Fwp%2Fv2%2Fmedia&parent=49454"}],"wp:term":[{"taxonomy":"category","embeddable":true,"href":"https:\/\/zonaroja.com.mx\/index.php?rest_route=%2Fwp%2Fv2%2Fcategories&post=49454"},{"taxonomy":"post_tag","embeddable":true,"href":"https:\/\/zonaroja.com.mx\/index.php?rest_route=%2Fwp%2Fv2%2Ftags&post=49454"}],"curies":[{"name":"wp","href":"https:\/\/api.w.org\/{rel}","templated":true}]}}