{"id":49464,"date":"2022-12-19T16:03:47","date_gmt":"2022-12-19T22:03:47","guid":{"rendered":"http:\/\/www.zonaroja.com.mx\/?p=49464"},"modified":"2022-12-19T16:03:49","modified_gmt":"2022-12-19T22:03:49","slug":"tercer-dia-consecutivo-de-violencia-homicida-en-la-costa-matan-a-uno-en-pinotepa","status":"publish","type":"post","link":"https:\/\/zonaroja.com.mx\/?p=49464","title":{"rendered":"Tercer d\u00eda consecutivo de violencia homicida en la Costa; matan a uno en Pinotepa"},"content":{"rendered":"\n<p>Ismael Garc\u00eda M.\/Zona Roja.<\/p>\n\n\n\n<p>Oaxaca de Ju\u00e1rez, Oax., a 19 de diciembre de 2022.- Por tercer d\u00eda consecutivo, la regi\u00f3n de la Costa registra asesinato de personas.<\/p>\n\n\n\n<p>Este lunes, en Santiago Pinotepa Nacional, un joven fue atacado a balazos por parte de sujetos desconocidos.<\/p>\n\n\n\n<p>El crimen ocurri\u00f3 en la calle 20 Sur de la colonia Vicente Guerrero, a plena luz del d\u00eda y sin la presencia de polic\u00edas municipales, estatales o federales, pese al supuesto operativo de seguridad que se implementa.<\/p>\n\n\n\n<p>La v\u00edctima fue identificada con las iniciales A. H. M., de aproximadamente 25 a\u00f1os de edad, quien falleci\u00f3 en un hospital cuando recib\u00eda atenci\u00f3n m\u00e9dica.<\/p>\n\n\n\n<p>Personal de la Vicefiscal\u00eda Regional de la Costa inici\u00f3 con las indagatorias correspondientes y hasta el momento no hay personas detenidas.<\/p>\n\n\n\n<p>La ola de cr\u00edmenes en la Costa inici\u00f3 la noche del s\u00e1bado, en que asesinaron en San Pedro Pochutla a un dirigente de transportistas, mientras que en Santiago Jamiltepec ultimaron a un profesor. Al mediod\u00eda, en San Pedro Atoyac ejecutaron a dos mujeres y un var\u00f3n, mientras que dos menores de edad, entre ellos una mujer, siguen desaparecidos.<\/p>\n\n\n\n<p>El domingo fueron asesinadas a balazos cuatro personas del sexo masculino, en un taller de hojalater\u00eda y pintura ubicado en Santiago Jamiltepec.<\/p>\n","protected":false},"excerpt":{"rendered":"<p>Ismael Garc\u00eda M.\/Zona Roja. Oaxaca de Ju\u00e1rez, Oax., a 19 de diciembre de 2022.- Por&hellip;<\/p>\n","protected":false},"author":2,"featured_media":49457,"comment_status":"closed","ping_status":"open","sticky":false,"template":"","format":"standard","meta":{"_lmt_disableupdate":"","_lmt_disable":"","_jetpack_memberships_contains_paid_content":false,"footnotes":""},"categories":[109,51],"tags":[651],"class_list":["post-49464","post","type-post","status-publish","format-standard","has-post-thumbnail","hentry","category-minuto-a-minuto","category-zona-roja","tag-santiago-pinotepa-nacional"],"jetpack_featured_media_url":"https:\/\/zonaroja.com.mx\/wp-content\/uploads\/2022\/12\/Asesinado-Pinotepa-Nacional.jpg","jetpack_sharing_enabled":true,"_links":{"self":[{"href":"https:\/\/zonaroja.com.mx\/index.php?rest_route=\/wp\/v2\/posts\/49464","targetHints":{"allow":["GET"]}}],"collection":[{"href":"https:\/\/zonaroja.com.mx\/index.php?rest_route=\/wp\/v2\/posts"}],"about":[{"href":"https:\/\/zonaroja.com.mx\/index.php?rest_route=\/wp\/v2\/types\/post"}],"author":[{"embeddable":true,"href":"https:\/\/zonaroja.com.mx\/index.php?rest_route=\/wp\/v2\/users\/2"}],"replies":[{"embeddable":true,"href":"https:\/\/zonaroja.com.mx\/index.php?rest_route=%2Fwp%2Fv2%2Fcomments&post=49464"}],"version-history":[{"count":1,"href":"https:\/\/zonaroja.com.mx\/index.php?rest_route=\/wp\/v2\/posts\/49464\/revisions"}],"predecessor-version":[{"id":49465,"href":"https:\/\/zonaroja.com.mx\/index.php?rest_route=\/wp\/v2\/posts\/49464\/revisions\/49465"}],"wp:featuredmedia":[{"embeddable":true,"href":"https:\/\/zonaroja.com.mx\/index.php?rest_route=\/wp\/v2\/media\/49457"}],"wp:attachment":[{"href":"https:\/\/zonaroja.com.mx\/index.php?rest_route=%2Fwp%2Fv2%2Fmedia&parent=49464"}],"wp:term":[{"taxonomy":"category","embeddable":true,"href":"https:\/\/zonaroja.com.mx\/index.php?rest_route=%2Fwp%2Fv2%2Fcategories&post=49464"},{"taxonomy":"post_tag","embeddable":true,"href":"https:\/\/zonaroja.com.mx\/index.php?rest_route=%2Fwp%2Fv2%2Ftags&post=49464"}],"curies":[{"name":"wp","href":"https:\/\/api.w.org\/{rel}","templated":true}]}}