{"id":49468,"date":"2022-12-19T16:14:05","date_gmt":"2022-12-19T22:14:05","guid":{"rendered":"http:\/\/www.zonaroja.com.mx\/?p=49468"},"modified":"2022-12-19T16:14:07","modified_gmt":"2022-12-19T22:14:07","slug":"poder-judicial-de-oaxaca-entrega-proyecto-de-presupuesto-al-congreso","status":"publish","type":"post","link":"https:\/\/zonaroja.com.mx\/?p=49468","title":{"rendered":"Poder Judicial de Oaxaca entrega proyecto de presupuesto al Congreso"},"content":{"rendered":"\n<p>Redacci\u00f3n\/Zona Roja.<\/p>\n\n\n\n<p>Oaxaca de Ju\u00e1rez, Oax., a 19 de diciembre de 2022.- Diputados que integran la Comisi\u00f3n Permanente de Presupuesto y Programaci\u00f3n de la 65 Legislatura se reunieron con el presidente del Poder Judicial, el magistrado Eduardo Pinacho S\u00e1nchez, quien present\u00f3 sus requerimientos para el ejercicio fiscal 2023.<\/p>\n\n\n\n<p>De acuerdo con el magistrado del Poder Judicial, requieren 300 millones de pesos para poder regular la n\u00f3mina de dicha instituci\u00f3n, ya que desde 2013, las y los jueces no reciben un incremento salarial, adem\u00e1s de necesitar recursos para temas de inversi\u00f3n en \u00e1reas donde prestan sus servicios.<\/p>\n\n\n\n<p>Destacaron que, desde hace m\u00e1s de seis a\u00f1os arrastran un d\u00e9ficit en el presupuesto, sin embargo, a pesar de ello, lograron realizar varios proyectos para mejorar el sistema de justicia en el estado de Oaxaca.&nbsp;<\/p>\n\n\n\n<p>A esta reuni\u00f3n, se sum\u00f3 el diputado Luis Alfonso Silva Romo, presidente de la Junta de Coordinaci\u00f3n Pol\u00edtica (Jucopo) del Congreso local, quien dio la bienvenida al magistrado e integrantes del Poder Judicial.&nbsp;<\/p>\n\n\n\n<p>\u201cEntendemos todas las necesidades aqu\u00ed planteadas, por lo que se har\u00e1 un estudio meticuloso de esta propuesta esperando que haya avances positivos\u201d, extern\u00f3 el tambi\u00e9n coordinador del grupo parlamentario de Morena.&nbsp;<\/p>\n\n\n\n<p>Por su parte, el presidente de esta comisi\u00f3n, el diputado Sergio L\u00f3pez S\u00e1nchez, dijo que se encuentran comprometidos para realizar el an\u00e1lisis del presupuesto presentado para dar pronta soluci\u00f3n a la principal problem\u00e1tica que es el tema de la regularizaci\u00f3n de n\u00f3mina.<\/p>\n","protected":false},"excerpt":{"rendered":"<p>Redacci\u00f3n\/Zona Roja. Oaxaca de Ju\u00e1rez, Oax., a 19 de diciembre de 2022.- Diputados que integran&hellip;<\/p>\n","protected":false},"author":2,"featured_media":49461,"comment_status":"closed","ping_status":"open","sticky":false,"template":"","format":"standard","meta":{"_lmt_disableupdate":"","_lmt_disable":"","_jetpack_memberships_contains_paid_content":false,"footnotes":""},"categories":[109,46],"tags":[2743,223],"class_list":["post-49468","post","type-post","status-publish","format-standard","has-post-thumbnail","hentry","category-minuto-a-minuto","category-zona-blanca","tag-65-legislatura-del-estado-de-oaxaca","tag-poder-judicial-de-oaxaca"],"jetpack_featured_media_url":"https:\/\/zonaroja.com.mx\/wp-content\/uploads\/2022\/12\/Poder-Judicial-y-Congreso-presupuesto.jpg","jetpack_sharing_enabled":true,"_links":{"self":[{"href":"https:\/\/zonaroja.com.mx\/index.php?rest_route=\/wp\/v2\/posts\/49468","targetHints":{"allow":["GET"]}}],"collection":[{"href":"https:\/\/zonaroja.com.mx\/index.php?rest_route=\/wp\/v2\/posts"}],"about":[{"href":"https:\/\/zonaroja.com.mx\/index.php?rest_route=\/wp\/v2\/types\/post"}],"author":[{"embeddable":true,"href":"https:\/\/zonaroja.com.mx\/index.php?rest_route=\/wp\/v2\/users\/2"}],"replies":[{"embeddable":true,"href":"https:\/\/zonaroja.com.mx\/index.php?rest_route=%2Fwp%2Fv2%2Fcomments&post=49468"}],"version-history":[{"count":1,"href":"https:\/\/zonaroja.com.mx\/index.php?rest_route=\/wp\/v2\/posts\/49468\/revisions"}],"predecessor-version":[{"id":49469,"href":"https:\/\/zonaroja.com.mx\/index.php?rest_route=\/wp\/v2\/posts\/49468\/revisions\/49469"}],"wp:featuredmedia":[{"embeddable":true,"href":"https:\/\/zonaroja.com.mx\/index.php?rest_route=\/wp\/v2\/media\/49461"}],"wp:attachment":[{"href":"https:\/\/zonaroja.com.mx\/index.php?rest_route=%2Fwp%2Fv2%2Fmedia&parent=49468"}],"wp:term":[{"taxonomy":"category","embeddable":true,"href":"https:\/\/zonaroja.com.mx\/index.php?rest_route=%2Fwp%2Fv2%2Fcategories&post=49468"},{"taxonomy":"post_tag","embeddable":true,"href":"https:\/\/zonaroja.com.mx\/index.php?rest_route=%2Fwp%2Fv2%2Ftags&post=49468"}],"curies":[{"name":"wp","href":"https:\/\/api.w.org\/{rel}","templated":true}]}}