{"id":49470,"date":"2022-12-19T16:17:44","date_gmt":"2022-12-19T22:17:44","guid":{"rendered":"http:\/\/www.zonaroja.com.mx\/?p=49470"},"modified":"2022-12-19T18:54:48","modified_gmt":"2022-12-20T00:54:48","slug":"pend-8","status":"publish","type":"post","link":"https:\/\/zonaroja.com.mx\/?p=49470","title":{"rendered":"Mitla es la zona arqueol\u00f3gica m\u00e1s bella del mundo"},"content":{"rendered":"\n<p>Redacci\u00f3n\/Zona Roja.<\/p>\n\n\n\n<p>Oaxaca de Ju\u00e1rez, Oax., a 19 de diciembre de 2022.- Despu\u00e9s de enfrentar a Palenque, Chiapas, y tras recibir la mayor\u00eda de votos, la Zona Arqueol\u00f3gica de Mitla, conocida como la \u201cCiudad de los Muertos\u201d, se coron\u00f3 campeona de la \u201cCopa Mundial INAH\u201d, organizada por el Instituto Nacional de Antropolog\u00eda e Historia.<\/p>\n\n\n\n<p>En sus cuentas de redes sociales, el INAH precis\u00f3 que despu\u00e9s de 64 duelos durante todo el torneo, miles de votos y descubrir un poco m\u00e1s sobre las 32 zonas arqueol\u00f3gicas y paleontol\u00f3gicas del pa\u00eds, la Zona Arqueol\u00f3gica de Mitla se coron\u00f3 como la favorita para las y los votantes que siguieron el mundial a trav\u00e9s de las redes sociales.<\/p>\n\n\n\n<p>En la final de este torneo, que se llev\u00f3 a cabo el domingo 18 de diciembre, el Gobierno del Estado de Oaxaca a trav\u00e9s de la Secretar\u00eda de las Culturas y Artes, convoc\u00f3 a las y los oaxaque\u00f1os a demostrar su orgullo por los sitios emblem\u00e1ticos que forman parte del legado hist\u00f3rico de la entidad.<\/p>\n\n\n\n<p>De esta manera, la \u201cCiudad de los Muertos\u201d demostr\u00f3 estar m\u00e1s viva que nunca, gracias a todas y todos los que emitieron sus votos.<\/p>\n\n\n\n<p>Cabe destacar que, en su camino hacia la \u201cCopa Mundial INAH\u201d, Mitla compiti\u00f3 con otras zonas arqueol\u00f3gicas como la de Calakmul, Campeche, a la cual derrot\u00f3 por mayor\u00eda de votos.<\/p>\n","protected":false},"excerpt":{"rendered":"<p>Redacci\u00f3n\/Zona Roja. Oaxaca de Ju\u00e1rez, Oax., a 19 de diciembre de 2022.- Despu\u00e9s de enfrentar&hellip;<\/p>\n","protected":false},"author":2,"featured_media":49473,"comment_status":"closed","ping_status":"open","sticky":false,"template":"","format":"standard","meta":{"_lmt_disableupdate":"","_lmt_disable":"","_jetpack_memberships_contains_paid_content":false,"footnotes":""},"categories":[109,46],"tags":[1127],"class_list":["post-49470","post","type-post","status-publish","format-standard","has-post-thumbnail","hentry","category-minuto-a-minuto","category-zona-blanca","tag-san-pablo-villa-de-mitla"],"jetpack_featured_media_url":"https:\/\/zonaroja.com.mx\/wp-content\/uploads\/2022\/12\/Villa-de-Mitla-zona-arqueologica.jpeg","jetpack_sharing_enabled":true,"_links":{"self":[{"href":"https:\/\/zonaroja.com.mx\/index.php?rest_route=\/wp\/v2\/posts\/49470","targetHints":{"allow":["GET"]}}],"collection":[{"href":"https:\/\/zonaroja.com.mx\/index.php?rest_route=\/wp\/v2\/posts"}],"about":[{"href":"https:\/\/zonaroja.com.mx\/index.php?rest_route=\/wp\/v2\/types\/post"}],"author":[{"embeddable":true,"href":"https:\/\/zonaroja.com.mx\/index.php?rest_route=\/wp\/v2\/users\/2"}],"replies":[{"embeddable":true,"href":"https:\/\/zonaroja.com.mx\/index.php?rest_route=%2Fwp%2Fv2%2Fcomments&post=49470"}],"version-history":[{"count":2,"href":"https:\/\/zonaroja.com.mx\/index.php?rest_route=\/wp\/v2\/posts\/49470\/revisions"}],"predecessor-version":[{"id":49475,"href":"https:\/\/zonaroja.com.mx\/index.php?rest_route=\/wp\/v2\/posts\/49470\/revisions\/49475"}],"wp:featuredmedia":[{"embeddable":true,"href":"https:\/\/zonaroja.com.mx\/index.php?rest_route=\/wp\/v2\/media\/49473"}],"wp:attachment":[{"href":"https:\/\/zonaroja.com.mx\/index.php?rest_route=%2Fwp%2Fv2%2Fmedia&parent=49470"}],"wp:term":[{"taxonomy":"category","embeddable":true,"href":"https:\/\/zonaroja.com.mx\/index.php?rest_route=%2Fwp%2Fv2%2Fcategories&post=49470"},{"taxonomy":"post_tag","embeddable":true,"href":"https:\/\/zonaroja.com.mx\/index.php?rest_route=%2Fwp%2Fv2%2Ftags&post=49470"}],"curies":[{"name":"wp","href":"https:\/\/api.w.org\/{rel}","templated":true}]}}