{"id":49478,"date":"2022-12-19T20:42:29","date_gmt":"2022-12-20T02:42:29","guid":{"rendered":"http:\/\/www.zonaroja.com.mx\/?p=49478"},"modified":"2022-12-19T20:42:31","modified_gmt":"2022-12-20T02:42:31","slug":"hasta-la-iglesia-se-irrita-vs-martinez-neri-por-creciente-ambulantaje","status":"publish","type":"post","link":"https:\/\/zonaroja.com.mx\/?p=49478","title":{"rendered":"Hasta la iglesia se irrita vs. Mart\u00ednez Neri por creciente ambulantaje"},"content":{"rendered":"\n<p>Yuridiana Sosa\/Zona Roja.<\/p>\n\n\n\n<p>Oaxaca de Ju\u00e1rez, Oax., 19 de diciembre de 2022.- Vecinos y comerciantes del Centro Hist\u00f3rico de la ciudad de Oaxaca se manifestaron para tratar de impedir la continuaci\u00f3n de la instalaci\u00f3n de vendedores ambulantes a un costado del Templo de Santo Domingo de Guzm\u00e1n y hasta el sacerdote del lugar expres\u00f3 su inconformidad contra la autoridad municipal de Francisco Mart\u00ednez Neri.<\/p>\n\n\n\n<p>La ma\u00f1ana de este lunes los afectados arribaron a la calle de Gurri\u00f3n y jard\u00edn \u201cEl Pa\u00f1uelito\u201d para evitar que otro grupo de comerciantes informales colocara sus puestos, pues su presencia, acusan, va en deterioro de la infraestructura de la ciudad patrimonio, generan exceso de basura, malos h\u00e1bitos de higiene y obstrucci\u00f3n vial en la zona.<\/p>\n\n\n\n<p>Sobre los da\u00f1os a la cantera y espacios p\u00fablicos por ese tipo de mercado callejeros los vecinos han presentado evidencias al ayuntamiento, pero son ignoradas las denuncias y peticiones de quienes habitan y comercializan de manera formal en esas calles y colindancias.<\/p>\n\n\n\n<p>Pero a esta queja se sum\u00f3 el sacerdote de la iglesia de Santo Domingo de Guzm\u00e1n, Fray Alejandro Latapi D\u00edaz, quien calific\u00f3 como un atropello de las autoridades municipales la excesiva flexibilidad para la invasi\u00f3n y da\u00f1o al complejo hist\u00f3rico.<\/p>\n\n\n\n<p>La instalaci\u00f3n de los ambulantes impide que quienes habitan en el templo no tengan acceso al servicio de gas, ni agua por medio de pipas ante la falta regular del servicio v\u00eda red.<\/p>\n\n\n\n<p>\u201cMe encuentro desesperado\u201d, expres\u00f3 Latapi D\u00edaz, pues el templo queda aislado y las autoridades municipales no dieron previo aviso para proveerse de sus servicios b\u00e1sicos a la comunidad dentro del complejo hist\u00f3rico.<\/p>\n\n\n\n<p>\u201c\u00bfA qui\u00e9n puedo reclamar? es incre\u00edble, es una burla que hayan venido autoridades de la ONU a ver este complejo y al d\u00eda siguiente se de esta invasi\u00f3n\u201d, coment\u00f3 el sacerdote, quien reconoci\u00f3 el deterioro que ha presentado la calle de Gurri\u00f3n por la colocaci\u00f3n de estructuras de metal para los puestos.<\/p>\n\n\n\n<figure class=\"wp-block-embed is-type-rich is-provider-twitter wp-block-embed-twitter\"><div class=\"wp-block-embed__wrapper\">\n<div class=\"twitter-tweet\"><blockquote class=\"twitter-tweet\" data-lang=\"es\"><p lang=\"es\" dir=\"ltr\">Hasta un representante de la iglesia cat\u00f3lica se manifest\u00f3 hoy -de manera in\u00e9dita-, por la \u201csimulaci\u00f3n\u201d del <a href=\"https:\/\/twitter.com\/MunicipioOaxaca?ref_src=twsrc%5Etfw\">@MunicipioOaxaca<\/a> y del edil <a href=\"https:\/\/twitter.com\/FMartinezNeri?ref_src=twsrc%5Etfw\">@FMartinezNeri<\/a> en el Centro Hist\u00f3rico, al permitir la invasi\u00f3n de calles peatonales con vendedores ambulantes. <a href=\"https:\/\/t.co\/D3cuNcvdKB\">pic.twitter.com\/D3cuNcvdKB<\/a><\/p>&mdash; Zona Roja Oaxaca (@ZonaRoja_Oaxaca) <a href=\"https:\/\/twitter.com\/ZonaRoja_Oaxaca\/status\/1605017688400691200?ref_src=twsrc%5Etfw\">20 de diciembre de 2022<\/a><\/blockquote><\/div>\n<\/div><\/figure>\n\n\n\n<p>M\u00c1S PROTESTAS<\/p>\n\n\n\n<p>Por otra parte, un grupo de mujeres de la etnia triqui representadas por Lorena Merino, se manifest\u00f3 frente a Palacio de Gobierno en el z\u00f3calo de la capital y advirti\u00f3 de instalarse en plant\u00f3n indefinido en ese punto.<\/p>\n\n\n\n<p>Las manifestantes exigen su reubicaci\u00f3n en el Centro Hist\u00f3rico para poder vender sus productos, adem\u00e1s de la demanda del retorno a San Juan Copala, su comunidad de origen.<\/p>\n\n\n\n<p>Tras esta advertencia, a cuatro d\u00edas de la Noche de R\u00e1banos, personal del Gobierno del Estado prometi\u00f3 al grupo la posible instalaci\u00f3n de puestos en la calle de Valdivieso, a poco metros del z\u00f3calo, indic\u00f3 Lorena Merino, quien agreg\u00f3 que solo falta que el&nbsp;ayuntamiento de Oaxaca de Ju\u00e1rez les devuelva la mercanc\u00eda retirada en el desalojo del 2 de diciembre.<\/p>\n\n\n\n<p>Mientras tanto, el grupo de Reyna Mart\u00ednez Flores cumpli\u00f3 hoy tres d\u00edas de \u201cplant\u00f3n\u201d frente a la sede del Poder Ejecutivo, con demandas similares a las que encabeza Lorena Merino.<\/p>\n\n\n\n<p>En tanto, habitantes de San Agust\u00edn Loxicha se manifestaron en oficinas del Instituto Estatal Electoral y de Participaci\u00f3n Ciudadana de Oaxaca. Lo mismo hicieron pobladores de La Reforma, Putla, para exigir el reconocimiento de su autoridad electa.<\/p>\n\n\n\n<p>Mientras que en la regi\u00f3n de la Mixteca, la Secci\u00f3n 22 del Sindicato Nacional de Trabajadores de la Educaci\u00f3n (SNTE) y organizaciones marcharon por la ma\u00f1ana a seis a\u00f1os y seis meses del desalojo policial en esa localidad.<\/p>\n\n\n\n<p>Previo a la marcha, bloquearon por algunos minutos la s\u00faper carretera y por la tarde el Frente Popular Revolucionario reactiv\u00f3 la manifestaci\u00f3n el cierre al paso vehicular sobre la carretera a Oaxaca. Por la noche, el FPR reactiv\u00f3 el bloqueo, al denunciar la detenci\u00f3n de uno de sus militantes.<\/p>\n\n\n\n<p>En la regi\u00f3n del Istmo, pobladores de San Juan Mazatl\u00e1n Mixe bloquearon la carretera Trans\u00edstmica \u00a0n el paraje Las Malvinas, para exigir recursos al Gobierno del Estado; el bloqueo afect\u00f3 el paso al estado de Veracruz y a la ciudad de Tuxtepec.<\/p>\n\n\n\n<figure class=\"wp-block-embed is-type-rich is-provider-twitter wp-block-embed-twitter\"><div class=\"wp-block-embed__wrapper\">\n<div class=\"twitter-tweet\"><blockquote class=\"twitter-tweet\" data-lang=\"es\"><p lang=\"es\" dir=\"ltr\"><a href=\"https:\/\/twitter.com\/hashtag\/ENVIVO?src=hash&amp;ref_src=twsrc%5Etfw\">#ENVIVO<\/a> <br>A cuatro d\u00edas para la festividad de la Noche de R\u00e1banos y a falta de respuestas concretas de la <a href=\"https:\/\/twitter.com\/SE_GobOax?ref_src=twsrc%5Etfw\">@SE_GobOax<\/a>, el grupo de triquis que encabeza Lorena Merino tambi\u00e9n se instala en \u201cplant\u00f3n\u201d frente al Palacio de Gobierno de la capital.<br>\ud83d\udc47<a href=\"https:\/\/t.co\/pkR2Xk0PsL\">https:\/\/t.co\/pkR2Xk0PsL<\/a> <a href=\"https:\/\/t.co\/MP6xz7oITe\">pic.twitter.com\/MP6xz7oITe<\/a><\/p>&mdash; Zona Roja Oaxaca (@ZonaRoja_Oaxaca) <a href=\"https:\/\/twitter.com\/ZonaRoja_Oaxaca\/status\/1604908734165049349?ref_src=twsrc%5Etfw\">19 de diciembre de 2022<\/a><\/blockquote><\/div>\n<\/div><\/figure>\n","protected":false},"excerpt":{"rendered":"<p>Yuridiana Sosa\/Zona Roja. Oaxaca de Ju\u00e1rez, Oax., 19 de diciembre de 2022.- Vecinos y comerciantes&hellip;<\/p>\n","protected":false},"author":2,"featured_media":49463,"comment_status":"closed","ping_status":"open","sticky":false,"template":"","format":"standard","meta":{"_lmt_disableupdate":"","_lmt_disable":"","_jetpack_memberships_contains_paid_content":false,"footnotes":""},"categories":[109,47],"tags":[2418],"class_list":["post-49478","post","type-post","status-publish","format-standard","has-post-thumbnail","hentry","category-minuto-a-minuto","category-zona-gris","tag-francisco-martinez-neri"],"jetpack_featured_media_url":"https:\/\/zonaroja.com.mx\/wp-content\/uploads\/2022\/12\/Protesta-triquis-Palacio-de-Gobierno.jpg","jetpack_sharing_enabled":true,"_links":{"self":[{"href":"https:\/\/zonaroja.com.mx\/index.php?rest_route=\/wp\/v2\/posts\/49478","targetHints":{"allow":["GET"]}}],"collection":[{"href":"https:\/\/zonaroja.com.mx\/index.php?rest_route=\/wp\/v2\/posts"}],"about":[{"href":"https:\/\/zonaroja.com.mx\/index.php?rest_route=\/wp\/v2\/types\/post"}],"author":[{"embeddable":true,"href":"https:\/\/zonaroja.com.mx\/index.php?rest_route=\/wp\/v2\/users\/2"}],"replies":[{"embeddable":true,"href":"https:\/\/zonaroja.com.mx\/index.php?rest_route=%2Fwp%2Fv2%2Fcomments&post=49478"}],"version-history":[{"count":1,"href":"https:\/\/zonaroja.com.mx\/index.php?rest_route=\/wp\/v2\/posts\/49478\/revisions"}],"predecessor-version":[{"id":49479,"href":"https:\/\/zonaroja.com.mx\/index.php?rest_route=\/wp\/v2\/posts\/49478\/revisions\/49479"}],"wp:featuredmedia":[{"embeddable":true,"href":"https:\/\/zonaroja.com.mx\/index.php?rest_route=\/wp\/v2\/media\/49463"}],"wp:attachment":[{"href":"https:\/\/zonaroja.com.mx\/index.php?rest_route=%2Fwp%2Fv2%2Fmedia&parent=49478"}],"wp:term":[{"taxonomy":"category","embeddable":true,"href":"https:\/\/zonaroja.com.mx\/index.php?rest_route=%2Fwp%2Fv2%2Fcategories&post=49478"},{"taxonomy":"post_tag","embeddable":true,"href":"https:\/\/zonaroja.com.mx\/index.php?rest_route=%2Fwp%2Fv2%2Ftags&post=49478"}],"curies":[{"name":"wp","href":"https:\/\/api.w.org\/{rel}","templated":true}]}}