{"id":49480,"date":"2022-12-19T22:20:41","date_gmt":"2022-12-20T04:20:41","guid":{"rendered":"http:\/\/www.zonaroja.com.mx\/?p=49480"},"modified":"2022-12-19T22:20:43","modified_gmt":"2022-12-20T04:20:43","slug":"logra-fiscalia-que-den-sentencia-de-30-anos-de-prision-contra-homicida","status":"publish","type":"post","link":"https:\/\/zonaroja.com.mx\/?p=49480","title":{"rendered":"Logra Fiscal\u00eda que den sentencia de 30 a\u00f1os de prisi\u00f3n contra homicida"},"content":{"rendered":"\n<p>Redacci\u00f3n\/Zona Roja.&nbsp;<\/p>\n\n\n\n<p>Oaxaca de Ju\u00e1rez, Oax., a 19 de diciembre de 2022.- La Fiscal\u00eda General del Estado de Oaxaca (FGEO) obtuvo, del Tribunal de Enjuiciamiento, sentencia condenatoria contra la persona del sexo masculino identificada como E. C. L., responsable del delito de homicidio doloso calificado en agravio de quien en vida en respondi\u00f3 al nombre de G. C. C., cometido en jurisdicci\u00f3n de Santo Domingo Tonaltepec, distrito de Teposcolula, en la regi\u00f3n de la Mixteca.<\/p>\n\n\n\n<p>De acuerdo con la Carpeta de Investigaci\u00f3n 4201\/FMIX\/TEPOSCOLULA\/2022, el 6 de febrero de 2022, aproximadamente a las 06:30 horas, el sentenciado agredi\u00f3 con un arma blanca a la v\u00edctima, infligi\u00e9ndole lesiones que le provocaron la muerte, cuando se encontraba en el paraje Loma del Moral, ubicado en la agencia de San Francisco R\u00edo Blanco, perteneciente al referido municipio.<\/p>\n\n\n\n<p>Ante este hecho, la Vicefiscal\u00eda Regional de la Mixteca atrajo el caso e inici\u00f3 las investigaciones correspondientes, que permitieron la aprehensi\u00f3n del homicida, quien posteriormente fue vinculado a proceso por el Juez en turno.<\/p>\n\n\n\n<p>En audiencia, el Tribunal de Enjuiciamiento dict\u00f3 sentencia condenatoria contra E. C. L., imponiendo la pena de 30 a\u00f1os de prisi\u00f3n y orden\u00f3 el pago de la reparaci\u00f3n del da\u00f1o por m\u00e1s de 481 mil pesos.&nbsp;<\/p>\n\n\n\n<p>DETENIDO POR DESPOJO<\/p>\n\n\n\n<p>Por otra parte, la Fiscal\u00eda General del Estado ejecut\u00f3 orden de aprehensi\u00f3n contra la persona del sexo masculino identificado como G. P. C., probable responsable del delito de despojo en perjuicio patrimonial de F. P. A., cometido en diciembre de 2009, en jurisdicci\u00f3n de San Pedro Pochutla, en la regi\u00f3n de la Costa.<\/p>\n\n\n\n<p>Agentes Estatales de Investigaci\u00f3n (AEI) aprehendieron al inculpado cuando transitaba sobre la carretera que conduce de San Pedro Pochutla a la poblaci\u00f3n de San Miguel Figueroa, siendo puesto a disposici\u00f3n de la autoridad ministerial correspondiente.<\/p>\n\n\n\n<p>De acuerdo con la averiguaci\u00f3n previa 18(C.L.)\/2010], los hechos se suscitaron el 1 de diciembre de 2009, cuando el inculpado probablemente ocup\u00f3, con el \u00e1nimo de apropiaci\u00f3n, parte de un inmueble propiedad del agraviado, ubicado en San Rafael Toltepec.<\/p>\n\n\n\n<p>El probable responsable fue puesto a disposici\u00f3n de la autoridad ministerial que lo requiri\u00f3, quien determinar\u00e1 su situaci\u00f3n jur\u00eddica en las pr\u00f3ximas horas.<\/p>\n\n\n\n<p>La Fiscal\u00eda General persigue a responsables de delitos que atentan contra el patrimonio de las familias oaxaque\u00f1as.<\/p>\n","protected":false},"excerpt":{"rendered":"<p>Redacci\u00f3n\/Zona Roja.&nbsp; Oaxaca de Ju\u00e1rez, Oax., a 19 de diciembre de 2022.- La Fiscal\u00eda General&hellip;<\/p>\n","protected":false},"author":2,"featured_media":42253,"comment_status":"closed","ping_status":"open","sticky":false,"template":"","format":"standard","meta":{"_lmt_disableupdate":"","_lmt_disable":"","_jetpack_memberships_contains_paid_content":false,"footnotes":""},"categories":[109,46],"tags":[494],"class_list":["post-49480","post","type-post","status-publish","format-standard","has-post-thumbnail","hentry","category-minuto-a-minuto","category-zona-blanca","tag-fiscalia-general-del-estado-de-oaxaca"],"jetpack_featured_media_url":"https:\/\/zonaroja.com.mx\/wp-content\/uploads\/2022\/06\/Tribunal-sentencia-2.jpeg","jetpack_sharing_enabled":true,"_links":{"self":[{"href":"https:\/\/zonaroja.com.mx\/index.php?rest_route=\/wp\/v2\/posts\/49480","targetHints":{"allow":["GET"]}}],"collection":[{"href":"https:\/\/zonaroja.com.mx\/index.php?rest_route=\/wp\/v2\/posts"}],"about":[{"href":"https:\/\/zonaroja.com.mx\/index.php?rest_route=\/wp\/v2\/types\/post"}],"author":[{"embeddable":true,"href":"https:\/\/zonaroja.com.mx\/index.php?rest_route=\/wp\/v2\/users\/2"}],"replies":[{"embeddable":true,"href":"https:\/\/zonaroja.com.mx\/index.php?rest_route=%2Fwp%2Fv2%2Fcomments&post=49480"}],"version-history":[{"count":1,"href":"https:\/\/zonaroja.com.mx\/index.php?rest_route=\/wp\/v2\/posts\/49480\/revisions"}],"predecessor-version":[{"id":49481,"href":"https:\/\/zonaroja.com.mx\/index.php?rest_route=\/wp\/v2\/posts\/49480\/revisions\/49481"}],"wp:featuredmedia":[{"embeddable":true,"href":"https:\/\/zonaroja.com.mx\/index.php?rest_route=\/wp\/v2\/media\/42253"}],"wp:attachment":[{"href":"https:\/\/zonaroja.com.mx\/index.php?rest_route=%2Fwp%2Fv2%2Fmedia&parent=49480"}],"wp:term":[{"taxonomy":"category","embeddable":true,"href":"https:\/\/zonaroja.com.mx\/index.php?rest_route=%2Fwp%2Fv2%2Fcategories&post=49480"},{"taxonomy":"post_tag","embeddable":true,"href":"https:\/\/zonaroja.com.mx\/index.php?rest_route=%2Fwp%2Fv2%2Ftags&post=49480"}],"curies":[{"name":"wp","href":"https:\/\/api.w.org\/{rel}","templated":true}]}}