{"id":49488,"date":"2022-12-20T07:30:08","date_gmt":"2022-12-20T13:30:08","guid":{"rendered":"http:\/\/www.zonaroja.com.mx\/?p=49488"},"modified":"2022-12-20T07:51:17","modified_gmt":"2022-12-20T13:51:17","slug":"amlo-dice-estoy-contigo-y-te-escupe-en-la-cara-ciro-gomez-leyva","status":"publish","type":"post","link":"https:\/\/zonaroja.com.mx\/?p=49488","title":{"rendered":"AMLO dice \u00abestoy contigo\u00bb y te escupe en la cara: Ciro G\u00f3mez Leyva"},"content":{"rendered":"\n<p>Redacci\u00f3n\/Zona Roja Cdmx.<\/p>\n\n\n\n<p>Ciudad de M\u00e9xico, a 20 de diciembre de 2022.- El periodista Ciro G\u00f3mez Leyva respondi\u00f3 al presidente Andr\u00e9s Manuel L\u00f3pez Obrador,&nbsp;quien dio dos hip\u00f3tesis sobre el atentado que sufri\u00f3 el comunicador el pasado 15 de diciembre, por lo que acus\u00f3 que aunque el mandatario ofrece su solidaridad, tambi\u00e9n \u00abescupe en la cara\u00bb.<\/p>\n\n\n\n<p>Durante su emisi\u00f3n matutina de ayer, el comunicador dijo que AMLO es fiel a su estilo y no ha perdido la oportunidad de agredirlo.<\/p>\n\n\n\n<p>\u00abYa empez\u00f3 con las agresiones en mi contra, vocero del conservadurismo, tratando de perfilar una hip\u00f3tesis, una conjetura, una especulaci\u00f3n sobre el ataque del jueves en la noche, ni hablar, as\u00ed es la naturaleza de ese hombre, no hablo del presidente, all\u00e1 \u00e9l y sus necesidades pol\u00edticas, all\u00e1 \u00e9l y sus resentimientos, no tengo nada m\u00e1s que decir sobre el tema\u00bb.<\/p>\n\n\n\n<p>Aclar\u00f3 que hace referencia al ser humano y no al mandatario, adem\u00e1s de que reclam\u00f3 que \u00e9l no ha relacionado al gobierno de la 4T con su atentado.<\/p>\n\n\n\n<p>\u00abEstoy hablando del hombre, del ser humano, ya no del presidente, del mandatario. Me imagino que son sus necesidades pol\u00edticas, el debate, cu\u00e1l derecho de r\u00e9plica, cu\u00e1ndo yo he dicho algo sobre \u00e9l y su gobierno entorno a este atentado, en qu\u00e9 momento, pero \u00a1pum! Lleg\u00f3 la agresi\u00f3n, se tard\u00f3 72 horas\u00bb.<\/p>\n\n\n\n<p>\u00abAh\u00ed va mi solidaridad y te escupo en la cara, es lo que hace L\u00f3pez Obrador. Estoy contigo y viene un escupitajo a la cara, es lo que acaba de hacer. En fin, all\u00e1 \u00e9l y sus resentimientos, all\u00e1 \u00e9l y sus necesidades pol\u00edticas\u00bb, dijo.<\/p>\n\n\n\n<p>(Informaci\u00f3n de \u201cNaci\u00f3n 321)<\/p>\n","protected":false},"excerpt":{"rendered":"<p>Redacci\u00f3n\/Zona Roja Cdmx. Ciudad de M\u00e9xico, a 20 de diciembre de 2022.- El periodista Ciro&hellip;<\/p>\n","protected":false},"author":2,"featured_media":49493,"comment_status":"closed","ping_status":"open","sticky":false,"template":"","format":"standard","meta":{"_lmt_disableupdate":"","_lmt_disable":"","_jetpack_memberships_contains_paid_content":false,"footnotes":""},"categories":[1],"tags":[3354],"class_list":["post-49488","post","type-post","status-publish","format-standard","has-post-thumbnail","hentry","category-sin-categoria","tag-ciro-gomez-leyva"],"jetpack_featured_media_url":"https:\/\/zonaroja.com.mx\/wp-content\/uploads\/2022\/12\/Ciro-Gonez-Leyva.jpeg","jetpack_sharing_enabled":true,"_links":{"self":[{"href":"https:\/\/zonaroja.com.mx\/index.php?rest_route=\/wp\/v2\/posts\/49488","targetHints":{"allow":["GET"]}}],"collection":[{"href":"https:\/\/zonaroja.com.mx\/index.php?rest_route=\/wp\/v2\/posts"}],"about":[{"href":"https:\/\/zonaroja.com.mx\/index.php?rest_route=\/wp\/v2\/types\/post"}],"author":[{"embeddable":true,"href":"https:\/\/zonaroja.com.mx\/index.php?rest_route=\/wp\/v2\/users\/2"}],"replies":[{"embeddable":true,"href":"https:\/\/zonaroja.com.mx\/index.php?rest_route=%2Fwp%2Fv2%2Fcomments&post=49488"}],"version-history":[{"count":1,"href":"https:\/\/zonaroja.com.mx\/index.php?rest_route=\/wp\/v2\/posts\/49488\/revisions"}],"predecessor-version":[{"id":49489,"href":"https:\/\/zonaroja.com.mx\/index.php?rest_route=\/wp\/v2\/posts\/49488\/revisions\/49489"}],"wp:featuredmedia":[{"embeddable":true,"href":"https:\/\/zonaroja.com.mx\/index.php?rest_route=\/wp\/v2\/media\/49493"}],"wp:attachment":[{"href":"https:\/\/zonaroja.com.mx\/index.php?rest_route=%2Fwp%2Fv2%2Fmedia&parent=49488"}],"wp:term":[{"taxonomy":"category","embeddable":true,"href":"https:\/\/zonaroja.com.mx\/index.php?rest_route=%2Fwp%2Fv2%2Fcategories&post=49488"},{"taxonomy":"post_tag","embeddable":true,"href":"https:\/\/zonaroja.com.mx\/index.php?rest_route=%2Fwp%2Fv2%2Ftags&post=49488"}],"curies":[{"name":"wp","href":"https:\/\/api.w.org\/{rel}","templated":true}]}}