{"id":49491,"date":"2022-12-20T08:35:00","date_gmt":"2022-12-20T14:35:00","guid":{"rendered":"http:\/\/www.zonaroja.com.mx\/?p=49491"},"modified":"2022-12-20T07:42:40","modified_gmt":"2022-12-20T13:42:40","slug":"alejandro-moreno-cuestionado-dirigente-del-pri-prolonga-su-dirigencia","status":"publish","type":"post","link":"https:\/\/zonaroja.com.mx\/?p=49491","title":{"rendered":"Alejandro Moreno, cuestionado dirigente del PRI, prolonga su dirigencia"},"content":{"rendered":"\n<p>Redacci\u00f3n\/Zona Roja Cdmx.<\/p>\n\n\n\n<p>Ciudad de M\u00e9xico, a 20 de diciembre de 2022.- Pese a ser cuestionado por la propia militancia y exhibido su probable enriquecimiento il\u00edcito, Alejandro Moreno continuar\u00e1 en la dirigencia del PRI hasta el a\u00f1o 2024.<\/p>\n\n\n\n<p>As\u00ed lo determin\u00f3 ayer el Consejo Pol\u00edtico Nacional, con 458 votos, al dar un albazo y reformar los estatutos del Partido Revolucionario Institucional, en una asamblea v\u00eda remota.<\/p>\n\n\n\n<p>El periodo legal del presidente nacional del PRI concluye el 18 de agosto de 2023, pero de manera sorpresiva fue prolongado su mandato hasta el a\u00f1o 2024.<\/p>\n\n\n\n<p>Varios cuadros priistas, entre ellos los senadores Miguel \u00c1ngel Osorio Chong y Claudia Ruiz Massieu protestaron por la maniobra a favor del ex gobernador de Campeche.<\/p>\n\n\n\n<p>Tras cuestionar que el propio Alejandro Moreno hab\u00eda prometido irse del cargo tras concluir su periodo, Claudia Ruiz Massieu recrimin\u00f3 su actitud.<\/p>\n\n\n\n<p>\u00abMi ausencia hoy en el Consejo Pol\u00edtico Nacional del PRI responde a que no validar\u00e9 jam\u00e1s reformas a los estatutos del partido para satisfacer los caprichos de una persona. #As\u00edNoAlito\u201d, difundi\u00f3 a trav\u00e9s de redes sociales.&nbsp;<\/p>\n\n\n\n<p>Por su parte, el ex secretario de Gobernaci\u00f3n, Osorio Chong, expuso que desde hace meses ha exigido la renuncia del dirigente priista y convoc\u00f3 a combatir esta decisi\u00f3n del partido, la cual calific\u00f3 como atropello.<\/p>\n\n\n\n<p>\u00abRescatemos y reconstruyamos al PRI como el partido plural, democr\u00e1tico y abierto que requiere nuestro pa\u00eds\u00bb, expuso.<\/p>\n\n\n\n<p>El dirigente campechano introdujo una reforma que le permitir\u00e1 mantenerse en el cargo como l\u00edder nacional hasta 2024. Los consejeros modificaron el art\u00edculo 83, fracci\u00f3n 37 de los estatutos.&nbsp;<\/p>\n\n\n\n<p>\u00abDeterminar la pr\u00f3rroga del periodo estatutario de la dirigencia nacional, en los casos en que la renovaci\u00f3n concurra con un proceso electoral o dentro de los tres meses previos a \u00e9ste\u00bb, reza la propuesta aprobada por los consejeros.\u00bb&nbsp;<\/p>\n\n\n\n<p>Conforme al periodo para el que fue electo, Alejandro Moreno deber\u00eda concluir su gesti\u00f3n el 18 de agosto pr\u00f3ximo, pero la reforma que present\u00f3 le permitir\u00e1 permanecer 90 d\u00edas h\u00e1biles (casi cinco meses), lo que, seg\u00fan el \u00e1rbitro electoral, lo mantendr\u00e1 en el cargo hasta 2024, porque ya no procede ning\u00fan cambio en las dirigencias de los partidos.<\/p>\n\n\n\n<p>(Con informaci\u00f3n de \u201cReforma\u201d)<\/p>\n","protected":false},"excerpt":{"rendered":"<p>Redacci\u00f3n\/Zona Roja Cdmx. Ciudad de M\u00e9xico, a 20 de diciembre de 2022.- Pese a ser&hellip;<\/p>\n","protected":false},"author":2,"featured_media":49494,"comment_status":"closed","ping_status":"open","sticky":false,"template":"","format":"standard","meta":{"_lmt_disableupdate":"","_lmt_disable":"","_jetpack_memberships_contains_paid_content":false,"footnotes":""},"categories":[109,47],"tags":[314],"class_list":["post-49491","post","type-post","status-publish","format-standard","has-post-thumbnail","hentry","category-minuto-a-minuto","category-zona-gris","tag-alejandro-moreno-cardenas"],"jetpack_featured_media_url":"https:\/\/zonaroja.com.mx\/wp-content\/uploads\/2022\/12\/Consejo-Politico-PRI.jpeg","jetpack_sharing_enabled":true,"_links":{"self":[{"href":"https:\/\/zonaroja.com.mx\/index.php?rest_route=\/wp\/v2\/posts\/49491","targetHints":{"allow":["GET"]}}],"collection":[{"href":"https:\/\/zonaroja.com.mx\/index.php?rest_route=\/wp\/v2\/posts"}],"about":[{"href":"https:\/\/zonaroja.com.mx\/index.php?rest_route=\/wp\/v2\/types\/post"}],"author":[{"embeddable":true,"href":"https:\/\/zonaroja.com.mx\/index.php?rest_route=\/wp\/v2\/users\/2"}],"replies":[{"embeddable":true,"href":"https:\/\/zonaroja.com.mx\/index.php?rest_route=%2Fwp%2Fv2%2Fcomments&post=49491"}],"version-history":[{"count":1,"href":"https:\/\/zonaroja.com.mx\/index.php?rest_route=\/wp\/v2\/posts\/49491\/revisions"}],"predecessor-version":[{"id":49495,"href":"https:\/\/zonaroja.com.mx\/index.php?rest_route=\/wp\/v2\/posts\/49491\/revisions\/49495"}],"wp:featuredmedia":[{"embeddable":true,"href":"https:\/\/zonaroja.com.mx\/index.php?rest_route=\/wp\/v2\/media\/49494"}],"wp:attachment":[{"href":"https:\/\/zonaroja.com.mx\/index.php?rest_route=%2Fwp%2Fv2%2Fmedia&parent=49491"}],"wp:term":[{"taxonomy":"category","embeddable":true,"href":"https:\/\/zonaroja.com.mx\/index.php?rest_route=%2Fwp%2Fv2%2Fcategories&post=49491"},{"taxonomy":"post_tag","embeddable":true,"href":"https:\/\/zonaroja.com.mx\/index.php?rest_route=%2Fwp%2Fv2%2Ftags&post=49491"}],"curies":[{"name":"wp","href":"https:\/\/api.w.org\/{rel}","templated":true}]}}