{"id":49496,"date":"2022-12-20T10:51:00","date_gmt":"2022-12-20T16:51:00","guid":{"rendered":"http:\/\/www.zonaroja.com.mx\/?p=49496"},"modified":"2022-12-20T07:52:36","modified_gmt":"2022-12-20T13:52:36","slug":"el-comercio-informal-ya-equivale-al-25-de-la-economia-en-mexico","status":"publish","type":"post","link":"https:\/\/zonaroja.com.mx\/?p=49496","title":{"rendered":"El comercio informal ya equivale al 25% de la econom\u00eda en M\u00e9xico"},"content":{"rendered":"\n<p>Redacci\u00f3n\/Zona Roja Cdmx.<\/p>\n\n\n\n<p>Ciudad de M\u00e9xico, a 20 de diciembre de 2022.- Pese a su baja productividad, el sector informal equivale a pr\u00e1cticamente una cuarta parte de la econom\u00eda de M\u00e9xico.&nbsp;<\/p>\n\n\n\n<p>El a\u00f1o pasado, con la recuperaci\u00f3n tras el primer a\u00f1o de la pandemia lleg\u00f3 a su mayor nivel desde 2009, a\u00f1o en el que se registr\u00f3 la crisis financiera internacional, revelan cifras del Instituto Nacional de Estad\u00edstica y Geograf\u00eda (Inegi).<\/p>\n\n\n\n<p>El organismo report\u00f3 que la econom\u00eda informal en M\u00e9xico aport\u00f3 23.7 por ciento del producto interno bruto (PIB) durante el a\u00f1o pasado (5 billones 734 mil 50 millones de pesos), su mayor contribuci\u00f3n porcentual desde 2009.&nbsp;<\/p>\n\n\n\n<p>Como resultado, de cada 100 pesos generados en el pa\u00eds, 76 lo fueron por quienes se emplean en la formalidad y 24 por los ocupados en la informalidad.<\/p>\n\n\n\n<p>Lo anterior exhibe la baja productividad de la econom\u00eda informal, dado que representa poco menos de una cuarta parte de la generaci\u00f3n de riqueza en el pa\u00eds, pero ocupa a m\u00e1s de la mitad de la poblaci\u00f3n ocupada, 55.8 por ciento, de acuerdo con datos tambi\u00e9n de Inegi.<\/p>\n\n\n\n<p>En los resultados preliminares de la medici\u00f3n de la econom\u00eda informal (MEI) 2021, el organismo precis\u00f3 que la participaci\u00f3n de la econom\u00eda informal present\u00f3 un aumento de 1.9 puntos porcentuales el a\u00f1o pasado, con respecto a 2020, debido al confinamiento por el covid-19, cuando la participaci\u00f3n se ubic\u00f3 por debajo de toda la serie (21.8 por ciento).<\/p>\n\n\n\n<p>Sin embargo, rebot\u00f3 a niveles no vistos desde el m\u00e1ximo de 2009 (24.4 por ciento), cuando se registr\u00f3 la crisis financiera internacional que se deton\u00f3 por la crisis de las hipotecas en Estados Unidos y la quiebra del mayor banco de inversi\u00f3n en Estados Unidos, Lehman Brothers.<\/p>\n\n\n\n<p>LOS SECTORES<\/p>\n\n\n\n<p>En 2021 ambos componentes de la econom\u00eda informal se recuperaron respecto a su contracci\u00f3n en 2020. El sector informal (SI) pas\u00f3 de 11 a 12.4 por ciento del PIB en ese lapso, mientras que las otras modalidades de informalidad (OMI) lo hicieron de 10.9 a 11.3 por ciento.<\/p>\n\n\n\n<p>La econom\u00eda informal tuvo efectos en la distribuci\u00f3n de las participaciones sectoriales. El comercio al por menor aument\u00f3 su participaci\u00f3n de 26 a 27.4 por ciento de 2020 a 2021; la construcci\u00f3n pas\u00f3 de 14.7 a 15.4 por ciento y el agropecuario, de 11.2 a 11.5 por ciento.<\/p>\n\n\n\n<p>Por otro lado, las industrias manufactureras disminuyeron de 13.4 a 13 por ciento en el periodo de referencia; el comercio al por mayor, de 7.8 a 7.6 por ciento y otros servicios, excepto actividades gubernamentales, de 6.3 a 5.9 por ciento.<\/p>\n\n\n\n<p>El Inegi detall\u00f3 que el PIB de 2021 creci\u00f3 4.7 por ciento. Lo anterior se debi\u00f3 al aumento de la econom\u00eda formal, que fue de 2.7 por ciento. Mientras que la econom\u00eda informal se dispar\u00f3 con un incremento de 12.4 por ciento y contrarrest\u00f3 la ca\u00edda de 2020 de 12.3 por ciento.<\/p>\n\n\n\n<p>\u201cLa variaci\u00f3n del valor agregado bruto de las otras modalidades de la informalidad increment\u00f3 a 9.3 por ciento y el correspondiente al sector informal a 15.7 por ciento. Lo anterior se debe a que los fen\u00f3menos econ\u00f3micos impactan de manera directa las unidades econ\u00f3micas y llevan la econom\u00eda, tanto a una recuperaci\u00f3n como a una recesi\u00f3n. Las fluctuaciones de las OMI suelen ser m\u00e1s pronunciadas\u201d, explic\u00f3 Inegi.<\/p>\n\n\n\n<p>(Informaci\u00f3n de \u201cLa Jornada\u201d)<\/p>\n","protected":false},"excerpt":{"rendered":"<p>Redacci\u00f3n\/Zona Roja Cdmx. Ciudad de M\u00e9xico, a 20 de diciembre de 2022.- Pese a su&hellip;<\/p>\n","protected":false},"author":2,"featured_media":15160,"comment_status":"closed","ping_status":"open","sticky":false,"template":"","format":"standard","meta":{"_lmt_disableupdate":"","_lmt_disable":"","_jetpack_memberships_contains_paid_content":false,"footnotes":""},"categories":[109,47],"tags":[],"class_list":["post-49496","post","type-post","status-publish","format-standard","has-post-thumbnail","hentry","category-minuto-a-minuto","category-zona-gris"],"jetpack_featured_media_url":"https:\/\/zonaroja.com.mx\/wp-content\/uploads\/2020\/07\/Ambulantes-ciudad-de-Oaxaca.jpg","jetpack_sharing_enabled":true,"_links":{"self":[{"href":"https:\/\/zonaroja.com.mx\/index.php?rest_route=\/wp\/v2\/posts\/49496","targetHints":{"allow":["GET"]}}],"collection":[{"href":"https:\/\/zonaroja.com.mx\/index.php?rest_route=\/wp\/v2\/posts"}],"about":[{"href":"https:\/\/zonaroja.com.mx\/index.php?rest_route=\/wp\/v2\/types\/post"}],"author":[{"embeddable":true,"href":"https:\/\/zonaroja.com.mx\/index.php?rest_route=\/wp\/v2\/users\/2"}],"replies":[{"embeddable":true,"href":"https:\/\/zonaroja.com.mx\/index.php?rest_route=%2Fwp%2Fv2%2Fcomments&post=49496"}],"version-history":[{"count":1,"href":"https:\/\/zonaroja.com.mx\/index.php?rest_route=\/wp\/v2\/posts\/49496\/revisions"}],"predecessor-version":[{"id":49497,"href":"https:\/\/zonaroja.com.mx\/index.php?rest_route=\/wp\/v2\/posts\/49496\/revisions\/49497"}],"wp:featuredmedia":[{"embeddable":true,"href":"https:\/\/zonaroja.com.mx\/index.php?rest_route=\/wp\/v2\/media\/15160"}],"wp:attachment":[{"href":"https:\/\/zonaroja.com.mx\/index.php?rest_route=%2Fwp%2Fv2%2Fmedia&parent=49496"}],"wp:term":[{"taxonomy":"category","embeddable":true,"href":"https:\/\/zonaroja.com.mx\/index.php?rest_route=%2Fwp%2Fv2%2Fcategories&post=49496"},{"taxonomy":"post_tag","embeddable":true,"href":"https:\/\/zonaroja.com.mx\/index.php?rest_route=%2Fwp%2Fv2%2Ftags&post=49496"}],"curies":[{"name":"wp","href":"https:\/\/api.w.org\/{rel}","templated":true}]}}