{"id":49498,"date":"2022-12-20T10:30:00","date_gmt":"2022-12-20T16:30:00","guid":{"rendered":"http:\/\/www.zonaroja.com.mx\/?p=49498"},"modified":"2022-12-20T08:08:06","modified_gmt":"2022-12-20T14:08:06","slug":"egresa-vigesimo-cuarta-generacion-de-los-estudios-de-especialidad-judicial","status":"publish","type":"post","link":"https:\/\/zonaroja.com.mx\/?p=49498","title":{"rendered":"Egresa vig\u00e9simo cuarta generaci\u00f3n de los Estudios de Especialidad Judicial"},"content":{"rendered":"\n<p>Redacci\u00f3n\/Zona Roja.<\/p>\n\n\n\n<p>Oaxaca de Ju\u00e1rez, Oax., a 20 de diciembre de 2022.- El Poder Judicial del Estado&nbsp;de Oaxaca&nbsp;clausur\u00f3 el Ciclo Acad\u00e9mico 2022&nbsp;de los Estudios de Especialidad Judicial&nbsp;en las \u00e1reas de Derecho Civil-Mercantil,&nbsp;Derecho Familiar,&nbsp;Derecho Penal Sustantivo,&nbsp;Sistema Acusatorio Penal y Derechos Humanos.<\/p>\n\n\n\n<p>Lo&nbsp;concluyeron 77&nbsp;profesionistas, entre ellos&nbsp;juezas, jueces, secretarios de acuerdos, de estudio y cuenta&nbsp;del&nbsp;Tribunal Superior de Justicia, personal&nbsp;del Consejo&nbsp;de&nbsp;la Judicatura&nbsp;e integrantes&nbsp;de la comunidad jur\u00eddica.&nbsp;<\/p>\n\n\n\n<p>Con la representaci\u00f3n&nbsp;del magistrado presidente Eduardo Pinacho S\u00e1nchez, el magistrado decano&nbsp;Crescencio Modesto Mart\u00ednez Geminiano,&nbsp;felicit\u00f3 a quienes conformaron la vig\u00e9sima cuarta generaci\u00f3n de egresados y les exhort\u00f3 a continuar prepar\u00e1ndose&nbsp;con la misma disciplina y dedicaci\u00f3n que mostraron&nbsp;en&nbsp;esta capacitaci\u00f3n impartida por la Escuela Judicial, para mejorar en lo individual y como equipo por la instituci\u00f3n en la que se desempe\u00f1an.&nbsp;<\/p>\n\n\n\n<p>Acompa\u00f1ado del consejero&nbsp;Jos\u00e9 Francisco Espinoza Santib\u00e1\u00f1ez, presidente de la Comisi\u00f3n de Carrera Judicial del Consejo de la Judicatura&nbsp;y del director de la Escuela Judicial, maestro H\u00e9ctor Humberto V\u00e1squez Quevedo,&nbsp;puntualiz\u00f3 que trascender en una profesi\u00f3n como la abogac\u00eda requiere decir no a la adversidad, hacer siempre lo correcto y dar lo mejor de cada uno.&nbsp;\u201cLa demanda de la sociedad es cada vez m\u00e1s exigente, necesitamos ser mejores operadores jur\u00eddicos\u201d, dijo.&nbsp;<\/p>\n\n\n\n<p>En representaci\u00f3n de las y los egresados, la licenciada&nbsp;Martha Sof\u00eda Esc\u00e1rraga Becerra, destac\u00f3&nbsp;que los justiciables merecen personal jurisdiccional capacitado y de excelencia para atender sus necesidades, por lo que reconoci\u00f3 la labor del Poder Judicial del Estado de Oaxaca que a trav\u00e9s de la Escuela Judicial brinda a las y los abogados valiosas herramientas como los Estudios de Especialidad Judicial.&nbsp;<\/p>\n\n\n\n<p>\u201cElegimos esta profesi\u00f3n y eso nos obliga no solo a amarla,&nbsp;sino a irnos perfeccionando como&nbsp;parte&nbsp;de una necesidad propia y de un deber con la sociedad que actualmente ha perdido la confianza en las autoridades y en los abogados litigantes. Es nuestra responsabilidad que vuelvan a creer en nosotros, demostrando que somos capaces, sensibles, entregados y honestos y esto se consigue estudiando y ampliando nuestros campos de conocimiento y experiencia\u201d, puntualiz\u00f3.&nbsp;<\/p>\n\n\n\n<p>En la ceremonia se entregaron&nbsp;constancias&nbsp;a cada uno de las y los egresados&nbsp;de las especialidades,&nbsp;as\u00ed como&nbsp;reconocimientos&nbsp;a&nbsp;magistradas, magistrados, juezas y jueces que&nbsp;forman parte del cuerpo docente de la Escuela Judicial y&nbsp;aportaron sus conocimientos&nbsp;en&nbsp;el programa de estudios de cada especialidad que tiene una duraci\u00f3n de un a\u00f1o.<\/p>\n","protected":false},"excerpt":{"rendered":"<p>Redacci\u00f3n\/Zona Roja. Oaxaca de Ju\u00e1rez, Oax., a 20 de diciembre de 2022.- El Poder Judicial&hellip;<\/p>\n","protected":false},"author":2,"featured_media":49483,"comment_status":"closed","ping_status":"open","sticky":false,"template":"","format":"standard","meta":{"_lmt_disableupdate":"","_lmt_disable":"","_jetpack_memberships_contains_paid_content":false,"footnotes":""},"categories":[109,46],"tags":[223],"class_list":["post-49498","post","type-post","status-publish","format-standard","has-post-thumbnail","hentry","category-minuto-a-minuto","category-zona-blanca","tag-poder-judicial-de-oaxaca"],"jetpack_featured_media_url":"https:\/\/zonaroja.com.mx\/wp-content\/uploads\/2022\/12\/Los-Estudios-de-Especialidad-Judicial-se-imparten-durante-un-ano.jpg","jetpack_sharing_enabled":true,"_links":{"self":[{"href":"https:\/\/zonaroja.com.mx\/index.php?rest_route=\/wp\/v2\/posts\/49498","targetHints":{"allow":["GET"]}}],"collection":[{"href":"https:\/\/zonaroja.com.mx\/index.php?rest_route=\/wp\/v2\/posts"}],"about":[{"href":"https:\/\/zonaroja.com.mx\/index.php?rest_route=\/wp\/v2\/types\/post"}],"author":[{"embeddable":true,"href":"https:\/\/zonaroja.com.mx\/index.php?rest_route=\/wp\/v2\/users\/2"}],"replies":[{"embeddable":true,"href":"https:\/\/zonaroja.com.mx\/index.php?rest_route=%2Fwp%2Fv2%2Fcomments&post=49498"}],"version-history":[{"count":1,"href":"https:\/\/zonaroja.com.mx\/index.php?rest_route=\/wp\/v2\/posts\/49498\/revisions"}],"predecessor-version":[{"id":49499,"href":"https:\/\/zonaroja.com.mx\/index.php?rest_route=\/wp\/v2\/posts\/49498\/revisions\/49499"}],"wp:featuredmedia":[{"embeddable":true,"href":"https:\/\/zonaroja.com.mx\/index.php?rest_route=\/wp\/v2\/media\/49483"}],"wp:attachment":[{"href":"https:\/\/zonaroja.com.mx\/index.php?rest_route=%2Fwp%2Fv2%2Fmedia&parent=49498"}],"wp:term":[{"taxonomy":"category","embeddable":true,"href":"https:\/\/zonaroja.com.mx\/index.php?rest_route=%2Fwp%2Fv2%2Fcategories&post=49498"},{"taxonomy":"post_tag","embeddable":true,"href":"https:\/\/zonaroja.com.mx\/index.php?rest_route=%2Fwp%2Fv2%2Ftags&post=49498"}],"curies":[{"name":"wp","href":"https:\/\/api.w.org\/{rel}","templated":true}]}}