{"id":4950,"date":"2019-10-19T07:49:54","date_gmt":"2019-10-19T12:49:54","guid":{"rendered":"http:\/\/www.zonaroja.com.mx\/?p=4950"},"modified":"2019-10-19T07:49:57","modified_gmt":"2019-10-19T12:49:57","slug":"ante-falta-de-dialogo-con-amlo-habra-protesta-en-nochixtlan","status":"publish","type":"post","link":"https:\/\/zonaroja.com.mx\/?p=4950","title":{"rendered":"Ante falta de di\u00e1logo con AMLO, habr\u00e1 protesta en Nochixtl\u00e1n"},"content":{"rendered":"\n<p>Redacci\u00f3n\/Zona Roja.<\/p>\n\n\n\n<p>Foto: Especial\/Archivo<\/p>\n\n\n\n<p>Oaxaca de Ju\u00e1rez, Oax., 19 de octubre de\n2019.- En Comit\u00e9 de V\u00edctimas \u201cPor Justicia y Verdad 19 de Junio\u201d anunci\u00f3 que\nprotestar\u00e1 este s\u00e1bado en la visita del Presidente Andr\u00e9s Manuel L\u00f3pez Obrador\na Asunci\u00f3n Nochixtl\u00e1n, ante la falta de di\u00e1logo.<\/p>\n\n\n\n<p>El pasado jueves, en conferencia de\nprensa, familiares de las v\u00edctimas y el dirigente de esa asociaci\u00f3n, Santiago\nAmbrosio, pidieron al mandatario mexicano una reuni\u00f3n, a m\u00e1s tardar el viernes,\npara exponerle sus demandas de justicia; sin embargo, durante todo el d\u00eda de\nayer no se dio la reuni\u00f3n.<\/p>\n\n\n\n<p>\u201cAnte la negativa del Presidente de la\nRep\u00fablica para entablar di\u00e1logo con el Comit\u00e9 de V\u00edctimas y el claro mensaje de\nimpunidad enviado desde la conferencia ma\u00f1anera, en la que se\u00f1al\u00f3 que \u2018procura\u2019\nque exista justicia por los hechos de Nochixtl\u00e1n, hacemos p\u00fablico despu\u00e9s del\nacto de ofrenda al monumento a las v\u00edctimas, realizaremos una protesta de\nmanera pac\u00edfica para demostrar rechazo a su visita y su actitud c\u00f3mplice para\nesclarecer los hechos del 19 de junio de 2016\u201d, anunciaron.<\/p>\n\n\n\n<p>A\u00f1adieron que la visita presidencial a\nNochixtl\u00e1n \u201crepresenta una afrenta a la memoria de nuestros hermanos y\nfamiliares ejecutados por las balas del Estado mexicano, as\u00ed como todos los\nheridos y afectados de este operativo\u201d.<\/p>\n\n\n\n<p>Expusieron que L\u00f3pez Obrador llega\ndesde\u00f1ando la petici\u00f3n de di\u00e1logo que desde el inicio de su gobierno han venido\nsolicitando para plantear temas concretos y que permitan avanzar en la\ninvestigaci\u00f3n de los hechos.<\/p>\n\n\n\n<p>Aunque a\u00fan no lo han precisado, la protesta\nser\u00eda un bloqueo a la supercarretera Oaxaca-Cuacnopalan, a la altura del\nkil\u00f3metro 178, a la altura de la gasoliner\u00eda de Nochixtl\u00e1n.<\/p>\n","protected":false},"excerpt":{"rendered":"<p>Redacci\u00f3n\/Zona Roja. Foto: Especial\/Archivo Oaxaca de Ju\u00e1rez, Oax., 19 de octubre de 2019.- En Comit\u00e9&hellip;<\/p>\n","protected":false},"author":2,"featured_media":4951,"comment_status":"closed","ping_status":"open","sticky":false,"template":"","format":"standard","meta":{"_lmt_disableupdate":"","_lmt_disable":"","_jetpack_memberships_contains_paid_content":false,"footnotes":""},"categories":[109,47],"tags":[128,249],"class_list":["post-4950","post","type-post","status-publish","format-standard","has-post-thumbnail","hentry","category-minuto-a-minuto","category-zona-gris","tag-asuncion-nochixtlan","tag-comite-de-victimas-nochixtlan"],"jetpack_featured_media_url":"https:\/\/zonaroja.com.mx\/wp-content\/uploads\/2019\/10\/Image-1-36.png","jetpack_sharing_enabled":true,"_links":{"self":[{"href":"https:\/\/zonaroja.com.mx\/index.php?rest_route=\/wp\/v2\/posts\/4950","targetHints":{"allow":["GET"]}}],"collection":[{"href":"https:\/\/zonaroja.com.mx\/index.php?rest_route=\/wp\/v2\/posts"}],"about":[{"href":"https:\/\/zonaroja.com.mx\/index.php?rest_route=\/wp\/v2\/types\/post"}],"author":[{"embeddable":true,"href":"https:\/\/zonaroja.com.mx\/index.php?rest_route=\/wp\/v2\/users\/2"}],"replies":[{"embeddable":true,"href":"https:\/\/zonaroja.com.mx\/index.php?rest_route=%2Fwp%2Fv2%2Fcomments&post=4950"}],"version-history":[{"count":1,"href":"https:\/\/zonaroja.com.mx\/index.php?rest_route=\/wp\/v2\/posts\/4950\/revisions"}],"predecessor-version":[{"id":4952,"href":"https:\/\/zonaroja.com.mx\/index.php?rest_route=\/wp\/v2\/posts\/4950\/revisions\/4952"}],"wp:featuredmedia":[{"embeddable":true,"href":"https:\/\/zonaroja.com.mx\/index.php?rest_route=\/wp\/v2\/media\/4951"}],"wp:attachment":[{"href":"https:\/\/zonaroja.com.mx\/index.php?rest_route=%2Fwp%2Fv2%2Fmedia&parent=4950"}],"wp:term":[{"taxonomy":"category","embeddable":true,"href":"https:\/\/zonaroja.com.mx\/index.php?rest_route=%2Fwp%2Fv2%2Fcategories&post=4950"},{"taxonomy":"post_tag","embeddable":true,"href":"https:\/\/zonaroja.com.mx\/index.php?rest_route=%2Fwp%2Fv2%2Ftags&post=4950"}],"curies":[{"name":"wp","href":"https:\/\/api.w.org\/{rel}","templated":true}]}}