{"id":49505,"date":"2022-12-20T08:42:58","date_gmt":"2022-12-20T14:42:58","guid":{"rendered":"http:\/\/www.zonaroja.com.mx\/?p=49505"},"modified":"2022-12-20T08:43:00","modified_gmt":"2022-12-20T14:43:00","slug":"asesinaron-con-sana-a-abuelita-en-oaxaca-van-141-feminicidios-este-ano","status":"publish","type":"post","link":"https:\/\/zonaroja.com.mx\/?p=49505","title":{"rendered":"Asesinaron con sa\u00f1a a abuelita en Oaxaca; van 141 feminicidios este a\u00f1o"},"content":{"rendered":"\n<p>Ismael Garc\u00eda M.\/Zona Roja.<\/p>\n\n\n\n<p>Oaxaca de Ju\u00e1rez, Oax., a 20 de diciembre de 2022.- A do\u00f1a Margarita Petra le cortaron las u\u00f1as y algunos dedos; la hirieron con un cuchillo en el abdomen, la degollaron y la golpearon en el rostro.<\/p>\n\n\n\n<p>As\u00ed asesinaron a mujer de aproximadamente 77 a\u00f1os de edad, en su domicilio ubicado en San Pablo Huixtepec, municipio de la regi\u00f3n Valles Centrales, ubicado a unos 35 kil\u00f3metro al sur de la capital de Oaxaca.<\/p>\n\n\n\n<p>El cuerpo fue localizado por sus familiares la tarde del pasado viernes, quienes dieron aviso de inmediato a las autoridades municipales y estatales.<\/p>\n\n\n\n<p>Tras las primeras indagatorias de peritos de la Fiscal\u00eda General del Estado de Oaxaca, al cuerpo de do\u00f1a Margarita Petra V. se le hallaron una lesi\u00f3n en el abdomen de aproximadamente 20 cent\u00edmetros; lesiones en los dedos de la mano izquierda, en que no presenta las u\u00f1as ni las yemas de todos los dedos;&nbsp;<\/p>\n\n\n\n<p>Lesiones en los dedos de la mano derecha, no presenta la u\u00f1a del dedo anular y cortes en los dedos \u00edndice y medio; lesiones en la cara a la altura de la boca que abarcan p\u00f3mulo derecho e izquierdo y una lesi\u00f3n en el cuello (degollada) que abarca todo el cortorno.&nbsp;<\/p>\n\n\n\n<p>La Fiscal\u00eda inici\u00f3 la Carpeta de Investigaci\u00f3n 43006\/FVCE\/ZIMATLAN\/2022, bajo los protocolos de feminicidios y a cinco d\u00edas del crimen, a\u00fan no hay personas detenidas.<\/p>\n\n\n\n<p>OAXACA FEMINICIDA<\/p>\n\n\n\n<p>De acuerdo con el organismo Grupo de Estudio de la Mujer \u201cRosario Castellanos\u201d, en las dos primera semanas del gobierno de Salom\u00f3n Jara Cruz, van ocho probables feminicidios, en su mayor\u00eda cometidos por arma de fuego.<\/p>\n\n\n\n<p>En lo que va del a\u00f1o 2022, suman 141 asesinatos violentos de mujeres; en el 33 por ciento de los cr\u00edmenes no se especifica la edad; el 23 por ciento ten\u00eda entre 30 y 44 a{ps de edad: el 15 por ciento, entre 45 y 49 a\u00f1os de edad.<\/p>\n\n\n\n<p>El 28 por ciento de los casos han ocurrido en la regi\u00f3n de la Costa; otro 28 por ciento en el Istmo; el 16 por ciento en Valles Centrales y el 10 por ciento en la Sierra Sur.<\/p>\n\n\n\n<p>En 108 casos de este a\u00f1o, las mujeres han sido asesinadas con arma de fuego; en 12 casos no se especifica la forma; en siete casos fue a machetazos y otros siete a golpes; una fue desmembrada y tres por apu\u00f1alamiento.<\/p>\n","protected":false},"excerpt":{"rendered":"<p>Ismael Garc\u00eda M.\/Zona Roja. Oaxaca de Ju\u00e1rez, Oax., a 20 de diciembre de 2022.- A&hellip;<\/p>\n","protected":false},"author":2,"featured_media":1699,"comment_status":"closed","ping_status":"open","sticky":false,"template":"","format":"standard","meta":{"_lmt_disableupdate":"","_lmt_disable":"","_jetpack_memberships_contains_paid_content":false,"footnotes":""},"categories":[109,51],"tags":[610],"class_list":["post-49505","post","type-post","status-publish","format-standard","has-post-thumbnail","hentry","category-minuto-a-minuto","category-zona-roja","tag-feminicidios-oaxaca"],"jetpack_featured_media_url":"https:\/\/zonaroja.com.mx\/wp-content\/uploads\/2019\/06\/MUJERES-600x390.jpg","jetpack_sharing_enabled":true,"_links":{"self":[{"href":"https:\/\/zonaroja.com.mx\/index.php?rest_route=\/wp\/v2\/posts\/49505","targetHints":{"allow":["GET"]}}],"collection":[{"href":"https:\/\/zonaroja.com.mx\/index.php?rest_route=\/wp\/v2\/posts"}],"about":[{"href":"https:\/\/zonaroja.com.mx\/index.php?rest_route=\/wp\/v2\/types\/post"}],"author":[{"embeddable":true,"href":"https:\/\/zonaroja.com.mx\/index.php?rest_route=\/wp\/v2\/users\/2"}],"replies":[{"embeddable":true,"href":"https:\/\/zonaroja.com.mx\/index.php?rest_route=%2Fwp%2Fv2%2Fcomments&post=49505"}],"version-history":[{"count":1,"href":"https:\/\/zonaroja.com.mx\/index.php?rest_route=\/wp\/v2\/posts\/49505\/revisions"}],"predecessor-version":[{"id":49506,"href":"https:\/\/zonaroja.com.mx\/index.php?rest_route=\/wp\/v2\/posts\/49505\/revisions\/49506"}],"wp:featuredmedia":[{"embeddable":true,"href":"https:\/\/zonaroja.com.mx\/index.php?rest_route=\/wp\/v2\/media\/1699"}],"wp:attachment":[{"href":"https:\/\/zonaroja.com.mx\/index.php?rest_route=%2Fwp%2Fv2%2Fmedia&parent=49505"}],"wp:term":[{"taxonomy":"category","embeddable":true,"href":"https:\/\/zonaroja.com.mx\/index.php?rest_route=%2Fwp%2Fv2%2Fcategories&post=49505"},{"taxonomy":"post_tag","embeddable":true,"href":"https:\/\/zonaroja.com.mx\/index.php?rest_route=%2Fwp%2Fv2%2Ftags&post=49505"}],"curies":[{"name":"wp","href":"https:\/\/api.w.org\/{rel}","templated":true}]}}