{"id":49507,"date":"2022-12-20T12:46:00","date_gmt":"2022-12-20T18:46:00","guid":{"rendered":"http:\/\/www.zonaroja.com.mx\/?p=49507"},"modified":"2022-12-20T15:50:52","modified_gmt":"2022-12-20T21:50:52","slug":"pend1","status":"publish","type":"post","link":"https:\/\/zonaroja.com.mx\/?p=49507","title":{"rendered":"Denuncia FPR que gobierno de Jara Cruz orden\u00f3 asesinato y represi\u00f3n de sus integrantes"},"content":{"rendered":"\n<p>Yuridiana Sosa\/ Zona Roja.<\/p>\n\n\n\n<p>Oaxaca de Ju\u00e1rez, Oax., 20 de diciembre de 2022.- A menos de un mes del inicio del gobierno de Salom\u00f3n Jara Cruz, la organizaci\u00f3n Frente Popular Revolucionario (FPR) denunci\u00f3 actos de represi\u00f3n, acoso policial y el asesinato por atropellamiento contra sus integrantes, por parte del gobierno estatal, s\u00f3lo por manifestarse y exigir cumplimiento a demandas.<\/p>\n\n\n\n<p>En conferencia de prensa en la capital, el FPR acus\u00f3 que la nueva administraci\u00f3n del estado emanada de Morena es igual a las que se han vivido del Partido Revolucionario Institucional (PRI) para tratar de someter a las organizaciones.<\/p>\n\n\n\n<p>Operativos policiales como actos de acoso contra sus integrantes, as\u00ed como un fallido desalojo a un bloqueo que caus\u00f3 la muerte de otro agremiado en Nochixtl\u00e1n, fue el saldo que&nbsp;este lunes&nbsp;el FPR registr\u00f3 en su contra, por parte del gobierno, en menos de cuatro horas.&nbsp;<\/p>\n\n\n\n<p>El l\u00edder estatal, Macario Otalo Padilla, detall\u00f3 que, tras una mesa de di\u00e1logo con la Secretar\u00eda de Gobierno de Oaxaca, cerca de las 13:30 horas del 19 de diciembre, polic\u00edas estatales vestidos de civil y uniformados ejecutaron un operativo para detener a la seguridad de su compa\u00f1ero Jos\u00e9 Alberto Mart\u00ednez Luna, presidente municipal de Miahuatl\u00e1n de Porfirio D\u00edaz.<\/p>\n\n\n\n<p>A pesar de haber un acuerdo para un proceso de di\u00e1logo para atender a sus demandas en diferentes materias, al salir del Palacio de Gobierno, en la calle Emilio Carranza con Ni\u00f1os H\u00e9roes de Chapultepec, los polic\u00edas detuvieron sin motivo a un elemento de la seguridad de Mart\u00ednez Lunes, quien cuenta con protecci\u00f3n por las medidas cautelares otorgadas por la Defensor\u00eda de los Derechos Humanos del Pueblo de Oaxaca desde el asesinato su padre, el ex l\u00edder Tom\u00e1s Mart\u00ednez Pinacho.<\/p>\n\n\n\n<figure class=\"wp-block-embed\"><div class=\"wp-block-embed__wrapper\">\n<div class=\"twitter-tweet\"><blockquote class=\"twitter-tweet\" data-lang=\"es\"><p lang=\"es\" dir=\"ltr\"><a href=\"https:\/\/twitter.com\/hashtag\/ENVIVO?src=hash&amp;ref_src=twsrc%5Etfw\">#ENVIVO<\/a><br>El <a href=\"https:\/\/twitter.com\/FPR_OAXACA?ref_src=twsrc%5Etfw\">@FPR_OAXACA<\/a> denuncia agresiones, acoso policial y muerte de uno de sus militantes por atropellamiento durante un bloqueo carretero. <br>Se\u00f1ala agresi\u00f3n del gobierno de <a href=\"https:\/\/twitter.com\/salomonj?ref_src=twsrc%5Etfw\">@salomonj<\/a>; es como los priistas, acusan. <br>Transmisi\u00f3n \ud83d\udc47<a href=\"https:\/\/t.co\/zCyMO8Jbty\">https:\/\/t.co\/zCyMO8Jbty<\/a> <a href=\"https:\/\/t.co\/dJmwSoHDAw\">pic.twitter.com\/dJmwSoHDAw<\/a><\/p>&mdash; Zona Roja Oaxaca (@ZonaRoja_Oaxaca) <a href=\"https:\/\/twitter.com\/ZonaRoja_Oaxaca\/status\/1605238401254494209?ref_src=twsrc%5Etfw\">20 de diciembre de 2022<\/a><\/blockquote><\/div>\n<\/div><\/figure>\n\n\n\n<p>El edil, presente en la conferencia de prensa, confirm\u00f3 el acto, el cual en un primer momento parec\u00eda estar dirigido directamente hacia su persona. Su elemento&nbsp;ya fue puesto en libertad.&nbsp;<\/p>\n\n\n\n<p>Por los hechos la organizaci\u00f3n mont\u00f3 bloqueos en los distritos de Miahuatl\u00e1n y Nochixtl\u00e1n, sobre la carretera Oaxaca-Huatulco y la Autopista Oaxaca-M\u00e9xico, respectivamente, luego de no haber respuesta del gobierno para aclarar la detenci\u00f3n en los primeros minutos.&nbsp;<\/p>\n\n\n\n<p>Cerca&nbsp;de las 20:00&nbsp;horas&nbsp;de la noche, aseguraron, el gobernador Salom\u00f3n Jara orden\u00f3 otro operativo policial para intentar desalojar a los manifestantes de Miahuatl\u00e1n, sin lograrlo, pero de manera casi simult\u00e1nea en Nochixtl\u00e1n se registr\u00f3 el arribo de un grupo de provocadores, donde un sujeto a bordo de un veh\u00edculo sin placas, presuntamente miembro de la polic\u00eda estatal, arroll\u00f3 a los manifestantes.<\/p>\n\n\n\n<p>Del ataque result\u00f3 asesinado el integrante del FPR identificado como Francisco Jim\u00e9nez L\u00f3pez; los manifestantes lograron la detenci\u00f3n del chofer.&nbsp;<\/p>\n\n\n\n<p>Por estos actos el FPR acusa al gobierno de Salom\u00f3n Jara de ser igual al PRI, as\u00ed como exigi\u00f3 a la Fiscal\u00eda General de Justicia de Oaxaca procesar al detenido por el caso del asesinato del compa\u00f1ero atropellado.&nbsp;<\/p>\n\n\n\n<p>Demandaron al gobernador \u201cponer orden al interior de su gabinete, pues hay posiciones pol\u00edticas al interior que le abonan a la crispaci\u00f3n social como es el caso de la Secretar\u00eda de Seguridad P\u00fablica y la Polic\u00eda Estatal\u201d.<\/p>\n\n\n\n<p>As\u00ed tambi\u00e9n, sentenciaron que no dejar\u00e1n su lucha para hacer cumplir sus demandas, como ha sido en cada gobierno sin distinci\u00f3n del partido que encabece la administraci\u00f3n.<\/p>\n","protected":false},"excerpt":{"rendered":"<p>Yuridiana Sosa\/ Zona Roja. Oaxaca de Ju\u00e1rez, Oax., 20 de diciembre de 2022.- A menos&hellip;<\/p>\n","protected":false},"author":2,"featured_media":49511,"comment_status":"closed","ping_status":"open","sticky":false,"template":"","format":"standard","meta":{"_lmt_disableupdate":"","_lmt_disable":"","_jetpack_memberships_contains_paid_content":false,"footnotes":""},"categories":[109,1,47],"tags":[],"class_list":["post-49507","post","type-post","status-publish","format-standard","has-post-thumbnail","hentry","category-minuto-a-minuto","category-sin-categoria","category-zona-gris"],"jetpack_featured_media_url":"https:\/\/zonaroja.com.mx\/wp-content\/uploads\/2022\/12\/393b71c0-ee80-4092-b640-5dfe93829630.jpg","jetpack_sharing_enabled":true,"_links":{"self":[{"href":"https:\/\/zonaroja.com.mx\/index.php?rest_route=\/wp\/v2\/posts\/49507","targetHints":{"allow":["GET"]}}],"collection":[{"href":"https:\/\/zonaroja.com.mx\/index.php?rest_route=\/wp\/v2\/posts"}],"about":[{"href":"https:\/\/zonaroja.com.mx\/index.php?rest_route=\/wp\/v2\/types\/post"}],"author":[{"embeddable":true,"href":"https:\/\/zonaroja.com.mx\/index.php?rest_route=\/wp\/v2\/users\/2"}],"replies":[{"embeddable":true,"href":"https:\/\/zonaroja.com.mx\/index.php?rest_route=%2Fwp%2Fv2%2Fcomments&post=49507"}],"version-history":[{"count":2,"href":"https:\/\/zonaroja.com.mx\/index.php?rest_route=\/wp\/v2\/posts\/49507\/revisions"}],"predecessor-version":[{"id":49512,"href":"https:\/\/zonaroja.com.mx\/index.php?rest_route=\/wp\/v2\/posts\/49507\/revisions\/49512"}],"wp:featuredmedia":[{"embeddable":true,"href":"https:\/\/zonaroja.com.mx\/index.php?rest_route=\/wp\/v2\/media\/49511"}],"wp:attachment":[{"href":"https:\/\/zonaroja.com.mx\/index.php?rest_route=%2Fwp%2Fv2%2Fmedia&parent=49507"}],"wp:term":[{"taxonomy":"category","embeddable":true,"href":"https:\/\/zonaroja.com.mx\/index.php?rest_route=%2Fwp%2Fv2%2Fcategories&post=49507"},{"taxonomy":"post_tag","embeddable":true,"href":"https:\/\/zonaroja.com.mx\/index.php?rest_route=%2Fwp%2Fv2%2Ftags&post=49507"}],"curies":[{"name":"wp","href":"https:\/\/api.w.org\/{rel}","templated":true}]}}