{"id":49509,"date":"2022-12-20T14:47:00","date_gmt":"2022-12-20T20:47:00","guid":{"rendered":"http:\/\/www.zonaroja.com.mx\/?p=49509"},"modified":"2022-12-20T18:54:36","modified_gmt":"2022-12-21T00:54:36","slug":"pend-2-2","status":"publish","type":"post","link":"https:\/\/zonaroja.com.mx\/?p=49509","title":{"rendered":"Surge en\u00e9simo grupo de organizaciones y de inmediato doblan a gobierno para iniciar di\u00e1logo"},"content":{"rendered":"\n<p>Yuridiana Sosa\/Zona Roja.&nbsp;<\/p>\n\n\n\n<p>Oaxaca de Ju\u00e1rez, Oax., 20 de diciembre de 2022.-Un grupo de 70 organizaciones en Oaxaca, lideradas por ex dirigentes del magisterio y hasta promotores del ambulantaje y bloqueos, se unieron para integrar la Coalici\u00f3n de Organizaciones Plurales en Alianza (Copal), que busca, supuestamente, la atenci\u00f3n del gobierno para los diferentes sectores en la entidad.&nbsp;<\/p>\n\n\n\n<p>En conferencia de prensa en el z\u00f3calo de la capital, el grupo representativo present\u00f3 la nueva organizaci\u00f3n, que en su primer d\u00eda opt\u00f3 por el desorden para demandar y obligar al gobierno del estado a recibirlos en Palacio de Gobierno. <\/p>\n\n\n\n<p>La Coalici\u00f3n cuenta con la participaci\u00f3n de Humberto Alcal\u00e1 Betanzos, ex l\u00edder de la Secci\u00f3n 59 del SNTE y dirigente del Sindicato Independiente de Trabajadores de la Educaci\u00f3n en M\u00e9xico (SITEM); del promotor del ambulantaje en la capital, Hugo Jarqu\u00edn y de Domingo Garc\u00eda, activista de bloqueos carreteros.<\/p>\n\n\n\n<p>Tras la conferencia, el grupo se dirigi\u00f3 a Palacio de Gobierno, donde cruzaron \u2013entre las barras- las vallas met\u00e1licas que protegen el corredor exterior del inmueble para presentarse en la puerta principal, sin que ning\u00fan elemento policial que resguarda el lugar se los tratara de impedir.&nbsp;<\/p>\n\n\n\n<p>El secretario de Gobierno de Oaxaca, Jes\u00fas Romero, no se encontraba en ese momento, inform\u00f3 personal del gobierno del estado, por lo que no ser\u00eda posible recibirlos.<\/p>\n\n\n\n<p>Pero el reci\u00e9n nacido grupo se impuso y convenci\u00f3 sin dilaci\u00f3n para que la autoridad estatal los atendiera en ese momento en una mesa de di\u00e1logo para su presentaci\u00f3n.<\/p>\n\n\n\n<p> La numerosa representaci\u00f3n de Copal ingres\u00f3 a Palacio de Gobierno, mientras que afuera, detr\u00e1s de las vallas un grupo de desplazados triquis de San Juan Copala mantiene su plant\u00f3n y sin posibilidades, por la presencia de polic\u00edas, de cruzar el cerco.<\/p>\n\n\n\n<figure class=\"wp-block-embed\"><div class=\"wp-block-embed__wrapper\">\n<div class=\"twitter-tweet\"><blockquote class=\"twitter-tweet\" data-lang=\"es\"><p lang=\"es\" dir=\"ltr\"><a href=\"https:\/\/twitter.com\/hashtag\/ENVIVO?src=hash&amp;ref_src=twsrc%5Etfw\">#ENVIVO<\/a><br>Tras dar una conferencia de prensa en el z\u00f3calo de la ciudad de <a href=\"https:\/\/twitter.com\/hashtag\/Oaxaca?src=hash&amp;ref_src=twsrc%5Etfw\">#Oaxaca<\/a>, integrantes de la Coalici\u00f3n de Organizaciones Plurales en Alianza (Copal) cruzan vallas del Palacio de Gobierno y posteriormente ingresan al inmueble.<br><br>Transmisi\u00f3n \ud83d\udc47<a href=\"https:\/\/t.co\/FahP8Nl4s0\">https:\/\/t.co\/FahP8Nl4s0<\/a> <a href=\"https:\/\/t.co\/IAfUqYZvha\">pic.twitter.com\/IAfUqYZvha<\/a><\/p>&mdash; Zona Roja Oaxaca (@ZonaRoja_Oaxaca) <a href=\"https:\/\/twitter.com\/ZonaRoja_Oaxaca\/status\/1605249703700008965?ref_src=twsrc%5Etfw\">20 de diciembre de 2022<\/a><\/blockquote><\/div>\n<\/div><\/figure>\n","protected":false},"excerpt":{"rendered":"<p>Yuridiana Sosa\/Zona Roja.&nbsp; Oaxaca de Ju\u00e1rez, Oax., 20 de diciembre de 2022.-Un grupo de 70&hellip;<\/p>\n","protected":false},"author":2,"featured_media":49513,"comment_status":"closed","ping_status":"open","sticky":false,"template":"","format":"standard","meta":{"_lmt_disableupdate":"","_lmt_disable":"","_jetpack_memberships_contains_paid_content":false,"footnotes":""},"categories":[109,47],"tags":[],"class_list":["post-49509","post","type-post","status-publish","format-standard","has-post-thumbnail","hentry","category-minuto-a-minuto","category-zona-gris"],"jetpack_featured_media_url":"https:\/\/zonaroja.com.mx\/wp-content\/uploads\/2022\/12\/276b58b2-bc54-4be1-ad59-71ef37013efb.jpg","jetpack_sharing_enabled":true,"_links":{"self":[{"href":"https:\/\/zonaroja.com.mx\/index.php?rest_route=\/wp\/v2\/posts\/49509","targetHints":{"allow":["GET"]}}],"collection":[{"href":"https:\/\/zonaroja.com.mx\/index.php?rest_route=\/wp\/v2\/posts"}],"about":[{"href":"https:\/\/zonaroja.com.mx\/index.php?rest_route=\/wp\/v2\/types\/post"}],"author":[{"embeddable":true,"href":"https:\/\/zonaroja.com.mx\/index.php?rest_route=\/wp\/v2\/users\/2"}],"replies":[{"embeddable":true,"href":"https:\/\/zonaroja.com.mx\/index.php?rest_route=%2Fwp%2Fv2%2Fcomments&post=49509"}],"version-history":[{"count":2,"href":"https:\/\/zonaroja.com.mx\/index.php?rest_route=\/wp\/v2\/posts\/49509\/revisions"}],"predecessor-version":[{"id":49514,"href":"https:\/\/zonaroja.com.mx\/index.php?rest_route=\/wp\/v2\/posts\/49509\/revisions\/49514"}],"wp:featuredmedia":[{"embeddable":true,"href":"https:\/\/zonaroja.com.mx\/index.php?rest_route=\/wp\/v2\/media\/49513"}],"wp:attachment":[{"href":"https:\/\/zonaroja.com.mx\/index.php?rest_route=%2Fwp%2Fv2%2Fmedia&parent=49509"}],"wp:term":[{"taxonomy":"category","embeddable":true,"href":"https:\/\/zonaroja.com.mx\/index.php?rest_route=%2Fwp%2Fv2%2Fcategories&post=49509"},{"taxonomy":"post_tag","embeddable":true,"href":"https:\/\/zonaroja.com.mx\/index.php?rest_route=%2Fwp%2Fv2%2Ftags&post=49509"}],"curies":[{"name":"wp","href":"https:\/\/api.w.org\/{rel}","templated":true}]}}