{"id":49515,"date":"2022-12-20T20:03:01","date_gmt":"2022-12-21T02:03:01","guid":{"rendered":"http:\/\/www.zonaroja.com.mx\/?p=49515"},"modified":"2022-12-20T20:03:02","modified_gmt":"2022-12-21T02:03:02","slug":"matan-a-balazos-a-otras-dos-mujeres-ademas-de-un-individuo","status":"publish","type":"post","link":"https:\/\/zonaroja.com.mx\/?p=49515","title":{"rendered":"Matan a balazos a otras dos mujeres, adem\u00e1s de un individuo"},"content":{"rendered":"\n<p>Ismael Garc\u00eda M.\/Zona Roja.<\/p>\n\n\n\n<p>Oaxaca de Ju\u00e1rez, Oax., a 20 de diciembre de 2022.- En menos de 24 horas, en Oaxaca otras dos mujeres perdieron la vida a causa de disparos de arma de fuego, adem\u00e1s de un var\u00f3n.<\/p>\n\n\n\n<p>El Movimiento de Unificaci\u00f3n y Lucha Triqui (MULT) confirm\u00f3 que este martes 20 de diciembre muri\u00f3 una femenina, Ana Cristina M. G., de 18 a\u00f1os de edad, originaria de Tierra Blanca Copala, que fue atacada a balazos el pasado 8 de agosto.<\/p>\n\n\n\n<p>En un comunicado, la organizaci\u00f3n indic\u00f3 que la joven dej\u00f3 en la orfandad a un menor de tres a\u00f1os de edad y en la fecha de los hechos fue asesinado su pareja, Mariano Cruz Garc\u00eda.<\/p>\n\n\n\n<p>Por los hechos, exigi\u00f3 a las autoridades el esclarecimiento de los cr\u00edmenes y castigo a los responsables, que seg\u00fan ellos, son integrantes del Movimiento de Unificaci\u00f3n y Lucha Triqui Independiente (MULTI).<\/p>\n\n\n\n<p>DOS EJECUTADOS<\/p>\n\n\n\n<p>Por otra parte, anoche fueron asesinadas a balazos dos personas, una mujer y un hombre, en Santo Domingo Petapa, municipio de la regi\u00f3n del Istmo, a quienes adem\u00e1s les dejaron una cartulina con un presunto \u201cnarcomensaje\u201d.<\/p>\n\n\n\n<p>Las v\u00edctimas fueron localizadas cerca de las 23:00 horas en un camino a la localidad de Tejones y la mujer fue identificada como Esmeralda R. C., de 25 a\u00f1os de edad, mientras que el individuo de unos 30 a\u00f1os de edad de manera preliminar fue identificado como Daniel A.<\/p>\n\n\n\n<p>Con las dos v\u00edctimas de las \u00faltimas horas, suman 10 mujeres asesinadas en los primeros 20 d\u00edas del gobierno de Salom\u00f3n Jara Cruz, surgido del Partido Morena.<\/p>\n","protected":false},"excerpt":{"rendered":"<p>Ismael Garc\u00eda M.\/Zona Roja. Oaxaca de Ju\u00e1rez, Oax., a 20 de diciembre de 2022.- En&hellip;<\/p>\n","protected":false},"author":2,"featured_media":49516,"comment_status":"closed","ping_status":"open","sticky":false,"template":"","format":"standard","meta":{"_lmt_disableupdate":"","_lmt_disable":"","_jetpack_memberships_contains_paid_content":false,"footnotes":""},"categories":[109,51],"tags":[1745],"class_list":["post-49515","post","type-post","status-publish","format-standard","has-post-thumbnail","hentry","category-minuto-a-minuto","category-zona-roja","tag-santo-domingo-petapa"],"jetpack_featured_media_url":"https:\/\/zonaroja.com.mx\/wp-content\/uploads\/2022\/12\/Asesinados-Santo-Domingo-Petapa.jpg","jetpack_sharing_enabled":true,"_links":{"self":[{"href":"https:\/\/zonaroja.com.mx\/index.php?rest_route=\/wp\/v2\/posts\/49515","targetHints":{"allow":["GET"]}}],"collection":[{"href":"https:\/\/zonaroja.com.mx\/index.php?rest_route=\/wp\/v2\/posts"}],"about":[{"href":"https:\/\/zonaroja.com.mx\/index.php?rest_route=\/wp\/v2\/types\/post"}],"author":[{"embeddable":true,"href":"https:\/\/zonaroja.com.mx\/index.php?rest_route=\/wp\/v2\/users\/2"}],"replies":[{"embeddable":true,"href":"https:\/\/zonaroja.com.mx\/index.php?rest_route=%2Fwp%2Fv2%2Fcomments&post=49515"}],"version-history":[{"count":1,"href":"https:\/\/zonaroja.com.mx\/index.php?rest_route=\/wp\/v2\/posts\/49515\/revisions"}],"predecessor-version":[{"id":49517,"href":"https:\/\/zonaroja.com.mx\/index.php?rest_route=\/wp\/v2\/posts\/49515\/revisions\/49517"}],"wp:featuredmedia":[{"embeddable":true,"href":"https:\/\/zonaroja.com.mx\/index.php?rest_route=\/wp\/v2\/media\/49516"}],"wp:attachment":[{"href":"https:\/\/zonaroja.com.mx\/index.php?rest_route=%2Fwp%2Fv2%2Fmedia&parent=49515"}],"wp:term":[{"taxonomy":"category","embeddable":true,"href":"https:\/\/zonaroja.com.mx\/index.php?rest_route=%2Fwp%2Fv2%2Fcategories&post=49515"},{"taxonomy":"post_tag","embeddable":true,"href":"https:\/\/zonaroja.com.mx\/index.php?rest_route=%2Fwp%2Fv2%2Ftags&post=49515"}],"curies":[{"name":"wp","href":"https:\/\/api.w.org\/{rel}","templated":true}]}}