{"id":49518,"date":"2022-12-20T21:03:49","date_gmt":"2022-12-21T03:03:49","guid":{"rendered":"http:\/\/www.zonaroja.com.mx\/?p=49518"},"modified":"2022-12-20T21:03:51","modified_gmt":"2022-12-21T03:03:51","slug":"opinion-la-virgen-de-la-soledad","status":"publish","type":"post","link":"https:\/\/zonaroja.com.mx\/?p=49518","title":{"rendered":"Opini\u00f3n. La Virgen de la Soledad"},"content":{"rendered":"\n<p>N\u00e9stor Y. S\u00e1nchez Islas<\/p>\n\n\n\n<p>La comunidad cat\u00f3lica de nuestra ciudad de Oaxaca celebr\u00f3 una fecha muy importante en su calendario religioso y tradicional. La Virgen de la Soledad se convirti\u00f3 a lo largo de los siglos en un factor de identidad profundamente legitimado y aceptado sin hacer cuestionamientos. Su gran fiesta y vistosas calendas populares&nbsp;muestran la profunda veneraci\u00f3n que por la Soledad de Mar\u00eda se tiene en nuestra capital.<\/p>\n\n\n\n<p>La nuestra no es la \u00fanica Soledad. En Madrid, Espa\u00f1a, existe una muy conocida y en M\u00e9xico existen representaciones de ella en varias ciudades, sin embargo, la Soledad de Antequera es, por mucho, la que mayor veneraci\u00f3n tiene y que se ha transformado en uno de nuestros m\u00e1s preciados s\u00edmbolos de&nbsp;nuestra capital.<\/p>\n\n\n\n<p>Como mal cat\u00f3lico que soy no conoc\u00eda m\u00e1s all\u00e1 de la leyenda conocida por todos: lleg\u00f3 a la ermita de San Sebasti\u00e1n en lomos de una mula de un arriero an\u00f3nimo en el siglo XVI.&nbsp;<\/p>\n\n\n\n<p>La mula no quiso continuar su camino hacia Guatemala, muri\u00f3 al lado de una roca que aun existe y su carga debi\u00f3 ser abierta para saber a quien pertenec\u00eda. Al abrirla encontraron el rostro y las manos de la virgen, un cristo y un texto que dec\u00eda \u201cSant\u00edsima virgen de la Soledad\u201d.<\/p>\n\n\n\n<p>En la b\u00fasqueda de la historia de tan importante devoci\u00f3n oaxaque\u00f1a encontr\u00e9 una tesis doctoral titulada \u201cLa imagen de la&nbsp;Soledad de Oaxaca: origen, patrocinio, culto social y discurso pol\u00edtico, 1682-1814\u201d, desarrollada por Selena del Carmen Garc\u00eda Jim\u00e9nez en El&nbsp;Colegio&nbsp;de M\u00e9xico, de julio de 2017. De su larga tesis tomar\u00e9 algunas citas textuales que nos ilustran sobre la historia de la imagen y su culto. Al final dejar\u00e9 la liga de internet.<\/p>\n\n\n\n<p>\u201cLa actual imagen de la Soledad es una escultura de ensamble y para vestir, elaborada con un armaz\u00f3n de distintos materiales tensados; solo cabeza y manos est\u00e1n talladas en madera. Las manos est\u00e1n juntas casi a la altura del pecho y entre los dedos sostiene una azucena. La vestimenta de luto est\u00e1 compuesta por basqui\u00f1a y mantos negros que cubren todo el cuerpo\u201d. (p.1)<\/p>\n\n\n\n<p>\u201cPese a lo descrito, parece ser que esa no fue la primera imagen a la cual rend\u00edan culto los habitantes de Antequera\u201d (p.2) De acuerdo con la&nbsp;hip\u00f3tesis&nbsp;de la autora parece que la primera virgen estaba arrodillada, la que conocemos hoy est\u00e1 de pie.&nbsp;La fachada de la bas\u00edlica tiene un bajo relieve de una virgen hincada ante la cruz.<\/p>\n\n\n\n<p>\u201c\u00bfPor qu\u00e9 la que actualmente se venera es una Virgen que solo tiene talladas manos y cara?\u201d. (p. 7)<\/p>\n\n\n\n<p>\u201cLa capilla de San Sebasti\u00e1n fue construida en las faldas del cerro&nbsp;que durante la \u00e9poca virreinal recibi\u00f3 en el nombre de Jerusal\u00e9n o Calvario, ahora llamado Fort\u00edn, donde culminaba la representaci\u00f3n de la Pasi\u00f3n\u201d. (p.5)<\/p>\n\n\n\n<p>\u201cAnte la escasez de agua en la ciudad durante 1672, el entonces obispo Tom\u00e1s de Monterroso llev\u00f3 sobre sus espaldas y en rogativa, a la iglesia de la catedral, una imagen soledana\u201d.&nbsp;(p.5)<\/p>\n\n\n\n<p>\u201cSi se comparan las im\u00e1genes de la Virgen de la Soledad de Oaxaca del siglo XVII con las de la virgen del convento de la Victoria de los m\u00ednimos de Madrid, entonces no queda duda de que la imagen antequerana abreva de esa iconograf\u00eda\u201d. (p. 10).<\/p>\n\n\n\n<p>\u201cLa fiesta principal del santuario de la Virgen de la Soledad se verifica a\u00fan cada 18 de diciembre, d\u00eda se\u00f1alado como el de la Expectaci\u00f3n del parto de Mar\u00eda\u201d. (p.21).<\/p>\n\n\n\n<p>\u201cHasta el momento, la primera&nbsp;menci\u00f3n del&nbsp;legendario hallazgo de la escultura mariana fue consignado en 1709 en las memorias de las monjas agustinas&nbsp;del convento de Santa M\u00f3nica en Oaxaca\u201d. (p.31).<\/p>\n\n\n\n<p>\u201cUna peculiaridad del relato antequerano es la ausencia de ni\u00f1os, mujeres e indios, a quienes m\u00e1s de las veces, las im\u00e1genes escog\u00edan para ser portadores de su mensaje o peticiones\u201d.&nbsp;\u201c(\u2026) las \u00e9lites de la ciudadfueron a quienes se&nbsp;le&nbsp;revela el portento llevado a lomo de mula por un desconocido arriero\u201d.&nbsp;(p. 32).<\/p>\n\n\n\n<p>\u201cPor \u00faltimo, se ha de destacar que no estamos ante una imagen \u201caparecida\u201d sino m\u00e1s bien \u201challada\u201d.&nbsp;Donde los protagonistas no son indios, sino arrieros an\u00f3nimos\u201d. (p. 37).<\/p>\n\n\n\n<p>\u201cEn la misma l\u00ednea, la imagen misma, la creaci\u00f3n de su leyenda, la fiesta y sus procesiones nos hablan precisamente de estos procesos hist\u00f3ricos en la \u00e9poca virreinal, y en una regi\u00f3n como Oaxaca, que lleva sus propios tiempos y ritmos y que se ven reflejados en la&nbsp;religi\u00f3n y&nbsp;devoci\u00f3n de&nbsp;las im\u00e1genes, promovida, claro, por una \u00e9lite local\u201d. (p. 37)<\/p>\n\n\n\n<p>La tesis es muy extensa y&nbsp;las&nbsp;citas&nbsp;se deben contextualizarlas dentro del primer cap\u00edtulo, al que pertenecen.&nbsp;La construcci\u00f3n cultural del culto mariano en la antigua verde Antequera&nbsp;fue una de las formas evangelizaci\u00f3n que h\u00e1bilmente usaron los espa\u00f1oles para convertir a los indios.&nbsp;Acad\u00e9micos de hoy, como soci\u00f3logos y antrop\u00f3logos ven en ese hecho un acto de dominaci\u00f3n. Lo cierto es que la Virgen de la Soledad&nbsp;es un&nbsp;aceptado&nbsp;s\u00edmbolo de&nbsp;devoci\u00f3n e&nbsp;identidad&nbsp;y&nbsp;es&nbsp;parte&nbsp;muy importante&nbsp;de la&nbsp;cultura&nbsp;de la antigua verde Antequera.<\/p>\n\n\n\n<p>La tesis est\u00e1 disponible en:&nbsp;https:\/\/repositorio.colmex.mx\/concern\/theses\/tx31qh95d?locale=es<\/p>\n\n\n\n<p>Twitter @nestoryuri<\/p>\n","protected":false},"excerpt":{"rendered":"<p>N\u00e9stor Y. S\u00e1nchez Islas La comunidad cat\u00f3lica de nuestra ciudad de Oaxaca celebr\u00f3 una fecha&hellip;<\/p>\n","protected":false},"author":2,"featured_media":41861,"comment_status":"closed","ping_status":"open","sticky":false,"template":"","format":"standard","meta":{"_lmt_disableupdate":"","_lmt_disable":"","_jetpack_memberships_contains_paid_content":false,"footnotes":""},"categories":[456,109],"tags":[3050],"class_list":["post-49518","post","type-post","status-publish","format-standard","has-post-thumbnail","hentry","category-columna","category-minuto-a-minuto","tag-nestor-yuri-sanchez"],"jetpack_featured_media_url":"https:\/\/zonaroja.com.mx\/wp-content\/uploads\/2022\/05\/Opinion-Nestor-Yuri-Sanchez-Islas.jpg","jetpack_sharing_enabled":true,"_links":{"self":[{"href":"https:\/\/zonaroja.com.mx\/index.php?rest_route=\/wp\/v2\/posts\/49518","targetHints":{"allow":["GET"]}}],"collection":[{"href":"https:\/\/zonaroja.com.mx\/index.php?rest_route=\/wp\/v2\/posts"}],"about":[{"href":"https:\/\/zonaroja.com.mx\/index.php?rest_route=\/wp\/v2\/types\/post"}],"author":[{"embeddable":true,"href":"https:\/\/zonaroja.com.mx\/index.php?rest_route=\/wp\/v2\/users\/2"}],"replies":[{"embeddable":true,"href":"https:\/\/zonaroja.com.mx\/index.php?rest_route=%2Fwp%2Fv2%2Fcomments&post=49518"}],"version-history":[{"count":1,"href":"https:\/\/zonaroja.com.mx\/index.php?rest_route=\/wp\/v2\/posts\/49518\/revisions"}],"predecessor-version":[{"id":49519,"href":"https:\/\/zonaroja.com.mx\/index.php?rest_route=\/wp\/v2\/posts\/49518\/revisions\/49519"}],"wp:featuredmedia":[{"embeddable":true,"href":"https:\/\/zonaroja.com.mx\/index.php?rest_route=\/wp\/v2\/media\/41861"}],"wp:attachment":[{"href":"https:\/\/zonaroja.com.mx\/index.php?rest_route=%2Fwp%2Fv2%2Fmedia&parent=49518"}],"wp:term":[{"taxonomy":"category","embeddable":true,"href":"https:\/\/zonaroja.com.mx\/index.php?rest_route=%2Fwp%2Fv2%2Fcategories&post=49518"},{"taxonomy":"post_tag","embeddable":true,"href":"https:\/\/zonaroja.com.mx\/index.php?rest_route=%2Fwp%2Fv2%2Ftags&post=49518"}],"curies":[{"name":"wp","href":"https:\/\/api.w.org\/{rel}","templated":true}]}}