{"id":49520,"date":"2022-12-20T21:15:11","date_gmt":"2022-12-21T03:15:11","guid":{"rendered":"http:\/\/www.zonaroja.com.mx\/?p=49520"},"modified":"2022-12-20T21:15:14","modified_gmt":"2022-12-21T03:15:14","slug":"incontrolables-protestas-contra-neri-por-ambulantaje-locatarios-lo-obligan-a-atenderlos","status":"publish","type":"post","link":"https:\/\/zonaroja.com.mx\/?p=49520","title":{"rendered":"Incontrolables protestas contra Neri por ambulantaje; locatarios lo obligan a atenderlos"},"content":{"rendered":"\n<p>Yuridiana Sosa\/Zona Roja.<\/p>\n\n\n\n<p>Oaxaca de Ju\u00e1rez, Oax., 20 de diciembre de 2022.- Los excesivos permisos para la instalaci\u00f3n de puestos ambulantes de parte del gobierno de Oaxaca de Ju\u00e1rez volvieron a causar dos protestas hoy contra el edil Francisco Mart\u00ednez Neri.<\/p>\n\n\n\n<p>Esta noche, un grupo de comerciantes fijos, encabezados por Esther Merino Badiola, encabez\u00f3 una manifestaci\u00f3n en la calle Valdivieso, en la parte posterior de la Catedral, para exigir al ayuntamiento se impida la instalaci\u00f3n de comerciantes informales triquis, que fueron desalojados desde el 2 de diciembre del Palacio de Gobierno.<\/p>\n\n\n\n<p>Para ello, colocar una lona en que demandaron adem\u00e1s respecto a los peatones, a los vecinos de la zona y a los peque\u00f1os y medianos empresarios que s\u00ed contribuyen con la autoridad en todos los grav\u00e1menes que se les imponen.&nbsp;<\/p>\n\n\n\n<p>Por la ma\u00f1ana, comerciantes del mercado \u201cIV Centenario\u201d, ubicado detr\u00e1s del palacio municipal, se manifestaron en el recinto sede del gobierno capitalino para exigir una mesa de di\u00e1logo con Mart\u00ednez Neri para denunciar m\u00faltiples agresiones recibidas por parte del comercio en v\u00eda p\u00fablica, para quien esta autoridad ha demostrado presencias.<\/p>\n\n\n\n<p>Con motivo de la festividad patronal de la virgen de la Soledad, que se celebra el 18 de diciembre, el Cabildo autoriz\u00f3 la instalaci\u00f3n de m\u00e1s de 60 puestos ambulantes, lo que incluy\u00f3 juegos mec\u00e1nicos, sobre la calle de Independencia y que colinda con dicho mercado.<\/p>\n\n\n\n<p>A dos d\u00edas de la fiesta, los puestos contin\u00faan, causando da\u00f1os al comercio establecido y a los propietarios con actos de violencia.<\/p>\n\n\n\n<figure class=\"wp-block-embed is-type-rich is-provider-twitter wp-block-embed-twitter\"><div class=\"wp-block-embed__wrapper\">\n<div class=\"twitter-tweet\"><blockquote class=\"twitter-tweet\" data-lang=\"es\"><p lang=\"es\" dir=\"ltr\"><a href=\"https:\/\/twitter.com\/hashtag\/%C3%9AltimoMinuto?src=hash&amp;ref_src=twsrc%5Etfw\">#\u00daltimoMinuto<\/a><br>Surgen m\u00e1s protestas contra el <a href=\"https:\/\/twitter.com\/MunicipioOaxaca?ref_src=twsrc%5Etfw\">@MunicipioOaxaca<\/a> que preside <a href=\"https:\/\/twitter.com\/FMartinezNeri?ref_src=twsrc%5Etfw\">@FMartinezNeri<\/a>.<br>Ahora comerciantes y vecinos del Centro Hist\u00f3rico rechazan la instalaci\u00f3n de ambulantes triquis en la calle de Valdivieso de la capital. <a href=\"https:\/\/t.co\/kIUTaqSRiv\">pic.twitter.com\/kIUTaqSRiv<\/a><\/p>&mdash; Zona Roja Oaxaca (@ZonaRoja_Oaxaca) <a href=\"https:\/\/twitter.com\/ZonaRoja_Oaxaca\/status\/1605376511548264449?ref_src=twsrc%5Etfw\">21 de diciembre de 2022<\/a><\/blockquote><\/div>\n<\/div><\/figure>\n\n\n\n<p>Mujeres comerciantes del mercado se\u00f1alaron que han sido agredidas, amenazadas de muerte, v\u00edctimas de robo por la l\u00edder Estela Mendoza L\u00f3pez y familia. Todo ello en la impunidad a pesar que el mercado tambi\u00e9n colinda con el cuartel de la Polic\u00eda Municipal.<\/p>\n\n\n\n<p>ESTALLAN<\/p>\n\n\n\n<p>Con visible enojo, un grupo de locatarios, en su mayor\u00eda mujeres, arrib\u00f3 este martes a palacio municipal para exigir atenci\u00f3n directa del presidente municipal Francisco Mart\u00ednez Neri para dar soluci\u00f3n al problema.<\/p>\n\n\n\n<p>Con pancartas y con gritos de protesta, las comerciantes rechazaron la interlocuci\u00f3n de un funcionario para atender el tema y demandaron la presencia del edil.<\/p>\n\n\n\n<p>Las afectadas con la decisi\u00f3n del cabildo, que incluy\u00f3 a Mart\u00ednez Neri, exigieron que fuera el propio presidente quien bajara al patio principal a recibirlas para despu\u00e9s trasladarse a la Sala de Presidentes, donde finalmente fueron atendidas.<\/p>\n\n\n\n<p>Las comerciantes cuestionan a la autoridad sobre la responsabilidad por los da\u00f1os ocasionados por los ambulantes, y exigieron que se respete su trabajo, lo que incluye la no instalaci\u00f3n de puestos informales, dedicados a las ferias como en esta ocasi\u00f3n, en el acceso del mercado.<\/p>\n\n\n\n<p>Para las vendedoras del \u201cIV Centenario\u201d, el edil y su cabildo cometi\u00f3 un abuso con esos permisos y se burl\u00f3 de la confianza de los locatarios.<\/p>\n\n\n\n<p>Apenas este lunes vecinos y comerciantes establecidos del centro Hist\u00f3rico y hasta la iglesia cat\u00f3lica se manifestaron por la instalaci\u00f3n de decenas de puestos en la calle de Gurri\u00f3n, a un costado del templo de Santo Domingo de Guzm\u00e1n.<\/p>\n\n\n\n<figure class=\"wp-block-embed is-type-rich is-provider-twitter wp-block-embed-twitter\"><div class=\"wp-block-embed__wrapper\">\n<div class=\"twitter-tweet\"><blockquote class=\"twitter-tweet\" data-lang=\"es\"><p lang=\"es\" dir=\"ltr\"><a href=\"https:\/\/twitter.com\/hashtag\/%C3%9AltimoMinuto?src=hash&amp;ref_src=twsrc%5Etfw\">#\u00daltimoMinuto<\/a><br>No cesan los problemas para el presidente municipal <a href=\"https:\/\/twitter.com\/FMartinezNeri?ref_src=twsrc%5Etfw\">@FMartinezNeri<\/a> y ahora se inconforman locatarios del mercado \u201cIV Centenario\u201d, por agresiones e invasi\u00f3n de vendedores ambulantes en las inmediaciones. Obligan al edil a que los atienda. <a href=\"https:\/\/t.co\/4fIvLrRgnD\">pic.twitter.com\/4fIvLrRgnD<\/a><\/p>&mdash; Zona Roja Oaxaca (@ZonaRoja_Oaxaca) <a href=\"https:\/\/twitter.com\/ZonaRoja_Oaxaca\/status\/1605254495130513409?ref_src=twsrc%5Etfw\">20 de diciembre de 2022<\/a><\/blockquote><\/div>\n<\/div><\/figure>\n","protected":false},"excerpt":{"rendered":"<p>Yuridiana Sosa\/Zona Roja. Oaxaca de Ju\u00e1rez, Oax., 20 de diciembre de 2022.- Los excesivos permisos&hellip;<\/p>\n","protected":false},"author":2,"featured_media":49521,"comment_status":"closed","ping_status":"open","sticky":false,"template":"","format":"standard","meta":{"_lmt_disableupdate":"","_lmt_disable":"","_jetpack_memberships_contains_paid_content":false,"footnotes":""},"categories":[109,47],"tags":[2418],"class_list":["post-49520","post","type-post","status-publish","format-standard","has-post-thumbnail","hentry","category-minuto-a-minuto","category-zona-gris","tag-francisco-martinez-neri"],"jetpack_featured_media_url":"https:\/\/zonaroja.com.mx\/wp-content\/uploads\/2022\/12\/Comerciantes-centro-de-la-ciudad-de-Oaxaca.jpg","jetpack_sharing_enabled":true,"_links":{"self":[{"href":"https:\/\/zonaroja.com.mx\/index.php?rest_route=\/wp\/v2\/posts\/49520","targetHints":{"allow":["GET"]}}],"collection":[{"href":"https:\/\/zonaroja.com.mx\/index.php?rest_route=\/wp\/v2\/posts"}],"about":[{"href":"https:\/\/zonaroja.com.mx\/index.php?rest_route=\/wp\/v2\/types\/post"}],"author":[{"embeddable":true,"href":"https:\/\/zonaroja.com.mx\/index.php?rest_route=\/wp\/v2\/users\/2"}],"replies":[{"embeddable":true,"href":"https:\/\/zonaroja.com.mx\/index.php?rest_route=%2Fwp%2Fv2%2Fcomments&post=49520"}],"version-history":[{"count":1,"href":"https:\/\/zonaroja.com.mx\/index.php?rest_route=\/wp\/v2\/posts\/49520\/revisions"}],"predecessor-version":[{"id":49522,"href":"https:\/\/zonaroja.com.mx\/index.php?rest_route=\/wp\/v2\/posts\/49520\/revisions\/49522"}],"wp:featuredmedia":[{"embeddable":true,"href":"https:\/\/zonaroja.com.mx\/index.php?rest_route=\/wp\/v2\/media\/49521"}],"wp:attachment":[{"href":"https:\/\/zonaroja.com.mx\/index.php?rest_route=%2Fwp%2Fv2%2Fmedia&parent=49520"}],"wp:term":[{"taxonomy":"category","embeddable":true,"href":"https:\/\/zonaroja.com.mx\/index.php?rest_route=%2Fwp%2Fv2%2Fcategories&post=49520"},{"taxonomy":"post_tag","embeddable":true,"href":"https:\/\/zonaroja.com.mx\/index.php?rest_route=%2Fwp%2Fv2%2Ftags&post=49520"}],"curies":[{"name":"wp","href":"https:\/\/api.w.org\/{rel}","templated":true}]}}